{"id":4625,"date":"2023-06-18T14:21:18","date_gmt":"2023-06-18T12:21:18","guid":{"rendered":"https:\/\/www.ffw-lauenstein.de\/?p=4625"},"modified":"2023-06-18T14:21:18","modified_gmt":"2023-06-18T12:21:18","slug":"familiengrillen-an-vatertag","status":"publish","type":"post","link":"https:\/\/www.ffw-lauenstein.de\/?p=4625","title":{"rendered":"Familiengrillen an Vatertag"},"content":{"rendered":"<p>Am diesj\u00e4hrigen Vatertag hat man ein Familiengrillen f\u00fcr die Kameradinnen und Kameraden veranstaltet. Bereits um&nbsp; 09:00 Uhr machten sich einige Kameraden zur Wanderung Richtung Ith Turm auf. Nach vielen Pausen und einem langen Mittagsessen am Ith Turm, so wie viele nette Begegnungen und Gespr\u00e4chen kamen die Kameraden wieder um ca. halb f\u00fcnf am Feuerwehrhaus an. Kurz danach kamen weitere Kameradinnen und Kameraden so wie Familienangeh\u00f6rige dazu und haben gemeinsam gegrillt und den Abend ausklingen lassen. <a href=\"https:\/\/www.ffw-lauenstein.de\/?attachment_id=4628\" rel=\"attachment wp-att-4628\"><img loading=\"lazy\" decoding=\"async\" class=\"alignnone size-large wp-image-4628\" src=\"https:\/\/www.ffw-lauenstein.de\/wp-content\/uploads\/2023\/06\/IMG_20230518_140903-1200x675.jpg\" alt=\"\" width=\"840\" height=\"473\" srcset=\"https:\/\/www.ffw-lauenstein.de\/wp-content\/uploads\/2023\/06\/IMG_20230518_140903-1200x675.jpg 1200w, https:\/\/www.ffw-lauenstein.de\/wp-content\/uploads\/2023\/06\/IMG_20230518_140903-850x478.jpg 850w, https:\/\/www.ffw-lauenstein.de\/wp-content\/uploads\/2023\/06\/IMG_20230518_140903-250x141.jpg 250w\" sizes=\"auto, (max-width: 709px) 85vw, (max-width: 909px) 67vw, (max-width: 1362px) 62vw, 840px\" \/><\/a> <a href=\"https:\/\/www.ffw-lauenstein.de\/?attachment_id=4629\" rel=\"attachment wp-att-4629\"><img loading=\"lazy\" decoding=\"async\" class=\"alignnone size-large wp-image-4629\" src=\"https:\/\/www.ffw-lauenstein.de\/wp-content\/uploads\/2023\/06\/IMG_20230518_173113-1200x675.jpg\" alt=\"\" width=\"840\" height=\"473\" srcset=\"https:\/\/www.ffw-lauenstein.de\/wp-content\/uploads\/2023\/06\/IMG_20230518_173113-1200x675.jpg 1200w, https:\/\/www.ffw-lauenstein.de\/wp-content\/uploads\/2023\/06\/IMG_20230518_173113-850x478.jpg 850w, https:\/\/www.ffw-lauenstein.de\/wp-content\/uploads\/2023\/06\/IMG_20230518_173113-250x141.jpg 250w\" sizes=\"auto, (max-width: 709px) 85vw, (max-width: 909px) 67vw, (max-width: 1362px) 62vw, 840px\" \/><\/a><\/p>\n","protected":false},"excerpt":{"rendered":"<p>Am diesj\u00e4hrigen Vatertag hat man ein Familiengrillen f\u00fcr die Kameradinnen und Kameraden veranstaltet. Bereits um&nbsp; 09:00 Uhr machten sich einige Kameraden zur Wanderung Richtung Ith Turm auf. Nach vielen Pausen &hellip; <a href=\"https:\/\/www.ffw-lauenstein.de\/?p=4625\" class=\"more-link\"><span class=\"screen-reader-text\">\u201eFamiliengrillen an Vatertag\u201c <\/span>weiterlesen<\/a><\/p>\n","protected":false},"author":4,"featured_media":0,"comment_status":"closed","ping_status":"open","sticky":false,"template":"","format":"standard","meta":{"ngg_post_thumbnail":0,"footnotes":""},"categories":[13],"tags":[],"class_list":["post-4625","post","type-post","status-publish","format-standard","hentry","category-sonstiges"],"_links":{"self":[{"href":"https:\/\/www.ffw-lauenstein.de\/index.php?rest_route=\/wp\/v2\/posts\/4625","targetHints":{"allow":["GET"]}}],"collection":[{"href":"https:\/\/www.ffw-lauenstein.de\/index.php?rest_route=\/wp\/v2\/posts"}],"about":[{"href":"https:\/\/www.ffw-lauenstein.de\/index.php?rest_route=\/wp\/v2\/types\/post"}],"author":[{"embeddable":true,"href":"https:\/\/www.ffw-lauenstein.de\/index.php?rest_route=\/wp\/v2\/users\/4"}],"replies":[{"embeddable":true,"href":"https:\/\/www.ffw-lauenstein.de\/index.php?rest_route=%2Fwp%2Fv2%2Fcomments&post=4625"}],"version-history":[{"count":1,"href":"https:\/\/www.ffw-lauenstein.de\/index.php?rest_route=\/wp\/v2\/posts\/4625\/revisions"}],"predecessor-version":[{"id":4630,"href":"https:\/\/www.ffw-lauenstein.de\/index.php?rest_route=\/wp\/v2\/posts\/4625\/revisions\/4630"}],"wp:attachment":[{"href":"https:\/\/www.ffw-lauenstein.de\/index.php?rest_route=%2Fwp%2Fv2%2Fmedia&parent=4625"}],"wp:term":[{"taxonomy":"category","embeddable":true,"href":"https:\/\/www.ffw-lauenstein.de\/index.php?rest_route=%2Fwp%2Fv2%2Fcategories&post=4625"},{"taxonomy":"post_tag","embeddable":true,"href":"https:\/\/www.ffw-lauenstein.de\/index.php?rest_route=%2Fwp%2Fv2%2Ftags&post=4625"}],"curies":[{"name":"wp","href":"https:\/\/api.w.org\/{rel}","templated":true}]}}