{"id":4672,"date":"2023-08-09T20:42:11","date_gmt":"2023-08-09T18:42:11","guid":{"rendered":"https:\/\/www.ffw-lauenstein.de\/?p=4672"},"modified":"2023-08-09T20:42:11","modified_gmt":"2023-08-09T18:42:11","slug":"lampionfest-in-lauenstein","status":"publish","type":"post","link":"https:\/\/www.ffw-lauenstein.de\/?p=4672","title":{"rendered":"Lampionfest in Lauenstein"},"content":{"rendered":"<p>Die Vereine aus Lauenstein laden am 02.09.2023 zum Lampionfest ein. Wie die letzten Jahre auch werden die Vereine verschiedene Aktionen durchf\u00fchren. Die Kinder- und Jugendfeuerwehr Lauenstein wird wieder die K\u00fcbelspritze und andere Spiele f\u00fcr Kinder vorbereiten. Am Abend wird die Live-Band Rena, aus Hamburg, f\u00fcr Stimmung im B\u00fcrgerpark sorgen.<\/p>\n<p><a href=\"https:\/\/www.ffw-lauenstein.de\/?attachment_id=4674\" rel=\"attachment wp-att-4674\"><img loading=\"lazy\" decoding=\"async\" class=\"alignnone size-full wp-image-4674\" src=\"https:\/\/www.ffw-lauenstein.de\/wp-content\/uploads\/2023\/08\/Plakat_Lampionfest_2023.png\" alt=\"\" width=\"454\" height=\"626\"><\/a><\/p>\n","protected":false},"excerpt":{"rendered":"<p>Die Vereine aus Lauenstein laden am 02.09.2023 zum Lampionfest ein. Wie die letzten Jahre auch werden die Vereine verschiedene Aktionen durchf\u00fchren. Die Kinder- und Jugendfeuerwehr Lauenstein wird wieder die K\u00fcbelspritze &hellip; <a href=\"https:\/\/www.ffw-lauenstein.de\/?p=4672\" class=\"more-link\"><span class=\"screen-reader-text\">\u201eLampionfest in Lauenstein\u201c <\/span>weiterlesen<\/a><\/p>\n","protected":false},"author":4,"featured_media":0,"comment_status":"closed","ping_status":"open","sticky":false,"template":"","format":"standard","meta":{"ngg_post_thumbnail":0,"footnotes":""},"categories":[1],"tags":[],"class_list":["post-4672","post","type-post","status-publish","format-standard","hentry","category-veranstaltungen"],"_links":{"self":[{"href":"https:\/\/www.ffw-lauenstein.de\/index.php?rest_route=\/wp\/v2\/posts\/4672","targetHints":{"allow":["GET"]}}],"collection":[{"href":"https:\/\/www.ffw-lauenstein.de\/index.php?rest_route=\/wp\/v2\/posts"}],"about":[{"href":"https:\/\/www.ffw-lauenstein.de\/index.php?rest_route=\/wp\/v2\/types\/post"}],"author":[{"embeddable":true,"href":"https:\/\/www.ffw-lauenstein.de\/index.php?rest_route=\/wp\/v2\/users\/4"}],"replies":[{"embeddable":true,"href":"https:\/\/www.ffw-lauenstein.de\/index.php?rest_route=%2Fwp%2Fv2%2Fcomments&post=4672"}],"version-history":[{"count":1,"href":"https:\/\/www.ffw-lauenstein.de\/index.php?rest_route=\/wp\/v2\/posts\/4672\/revisions"}],"predecessor-version":[{"id":4675,"href":"https:\/\/www.ffw-lauenstein.de\/index.php?rest_route=\/wp\/v2\/posts\/4672\/revisions\/4675"}],"wp:attachment":[{"href":"https:\/\/www.ffw-lauenstein.de\/index.php?rest_route=%2Fwp%2Fv2%2Fmedia&parent=4672"}],"wp:term":[{"taxonomy":"category","embeddable":true,"href":"https:\/\/www.ffw-lauenstein.de\/index.php?rest_route=%2Fwp%2Fv2%2Fcategories&post=4672"},{"taxonomy":"post_tag","embeddable":true,"href":"https:\/\/www.ffw-lauenstein.de\/index.php?rest_route=%2Fwp%2Fv2%2Ftags&post=4672"}],"curies":[{"name":"wp","href":"https:\/\/api.w.org\/{rel}","templated":true}]}}