{"id":4687,"date":"2023-09-04T20:05:16","date_gmt":"2023-09-04T18:05:16","guid":{"rendered":"https:\/\/www.ffw-lauenstein.de\/?p=4687"},"modified":"2023-09-04T20:05:16","modified_gmt":"2023-09-04T18:05:16","slug":"probleme-in-der-leistelle-feuerwehrhaus-besetzt","status":"publish","type":"post","link":"https:\/\/www.ffw-lauenstein.de\/?p=4687","title":{"rendered":"Probleme in der Leistelle, Feuerwehrhaus besetzt"},"content":{"rendered":"<p>Am Freitag den 01.09.2023 mussten die Feuerwehrh\u00e4user im gesamten Landkreis besetzte werden. Der Grund war ein Problem in der Leistelle. Das Problem bestand darin, das die Leitstelle die Feuerwehren nicht mehr alarmieren konnte. Der Funkkontakt war aber gew\u00e4hrleistet. Um eine Alarmierung per Funk an die Kameraden m\u00f6glich zu machen wurden die Feuerwehrh\u00e4user besetzt. Die anwesenden Kameraden konnten somit Funkkontakt mit der Leitstelle haben und im Ernstfall weitere Kameraden per Nachricht kontaktieren. Auch eine Gruppenalarmierung per App und anderen M\u00f6glichkeiten k\u00f6nnten dann genutzt werden. Auch der Gruppenf\u00fchrer des Messwagen, welches ein Sonderfahrzeug ist und gesondert alarmiert werden kann, war im Feuerwehrhaus Lauenstein funkbesetzt. Nach rund 2h konnte Entwarnung gegeben werden, der Fehler wurde behoben. Zum Gl\u00fcck kam es in dieser Zeit zu keinem Alarmfall.<\/p>\n","protected":false},"excerpt":{"rendered":"<p>Am Freitag den 01.09.2023 mussten die Feuerwehrh\u00e4user im gesamten Landkreis besetzte werden. Der Grund war ein Problem in der Leistelle. Das Problem bestand darin, das die Leitstelle die Feuerwehren nicht &hellip; <a href=\"https:\/\/www.ffw-lauenstein.de\/?p=4687\" class=\"more-link\"><span class=\"screen-reader-text\">\u201eProbleme in der Leistelle, Feuerwehrhaus besetzt\u201c <\/span>weiterlesen<\/a><\/p>\n","protected":false},"author":4,"featured_media":0,"comment_status":"closed","ping_status":"open","sticky":false,"template":"","format":"standard","meta":{"ngg_post_thumbnail":0,"footnotes":""},"categories":[31],"tags":[],"class_list":["post-4687","post","type-post","status-publish","format-standard","hentry","category-einsaetze-2023"],"_links":{"self":[{"href":"https:\/\/www.ffw-lauenstein.de\/index.php?rest_route=\/wp\/v2\/posts\/4687","targetHints":{"allow":["GET"]}}],"collection":[{"href":"https:\/\/www.ffw-lauenstein.de\/index.php?rest_route=\/wp\/v2\/posts"}],"about":[{"href":"https:\/\/www.ffw-lauenstein.de\/index.php?rest_route=\/wp\/v2\/types\/post"}],"author":[{"embeddable":true,"href":"https:\/\/www.ffw-lauenstein.de\/index.php?rest_route=\/wp\/v2\/users\/4"}],"replies":[{"embeddable":true,"href":"https:\/\/www.ffw-lauenstein.de\/index.php?rest_route=%2Fwp%2Fv2%2Fcomments&post=4687"}],"version-history":[{"count":1,"href":"https:\/\/www.ffw-lauenstein.de\/index.php?rest_route=\/wp\/v2\/posts\/4687\/revisions"}],"predecessor-version":[{"id":4688,"href":"https:\/\/www.ffw-lauenstein.de\/index.php?rest_route=\/wp\/v2\/posts\/4687\/revisions\/4688"}],"wp:attachment":[{"href":"https:\/\/www.ffw-lauenstein.de\/index.php?rest_route=%2Fwp%2Fv2%2Fmedia&parent=4687"}],"wp:term":[{"taxonomy":"category","embeddable":true,"href":"https:\/\/www.ffw-lauenstein.de\/index.php?rest_route=%2Fwp%2Fv2%2Fcategories&post=4687"},{"taxonomy":"post_tag","embeddable":true,"href":"https:\/\/www.ffw-lauenstein.de\/index.php?rest_route=%2Fwp%2Fv2%2Ftags&post=4687"}],"curies":[{"name":"wp","href":"https:\/\/api.w.org\/{rel}","templated":true}]}}