{"id":4690,"date":"2023-09-04T20:25:51","date_gmt":"2023-09-04T18:25:51","guid":{"rendered":"https:\/\/www.ffw-lauenstein.de\/?p=4690"},"modified":"2023-09-04T20:25:51","modified_gmt":"2023-09-04T18:25:51","slug":"grossangelegte-uebung-am-schloss-marienburg","status":"publish","type":"post","link":"https:\/\/www.ffw-lauenstein.de\/?p=4690","title":{"rendered":"Gro\u00dfangelegte \u00dcbung am Schloss Marienburg"},"content":{"rendered":"<p>Der 3. Zug der Kreisfeuerwehrbereitschaft Ost, welcher aus mehreren Fahrzeugen und Kameradinnen und Kameraden aus dem Gemeindegebiet Salzhemmendorf besteht, hat am Samstag den 02.09.2023 an einer gro\u00dfen \u00dcbung um das Schloss Marienburg bei Nordstemmen teilgenommen. Bereits um 07:30 Uhr trafen sich die Kameraden am Sammelpunkt in Hemmendorf, ehe man sich dann mit der kompletten Kreisbereitschaft in Marienau traf. Nach dem Einsatzbefehl hat die KFB Ihren Bereitstellungsraum an der Zuckerfabrik in Nordstemmen angefahren. Dort wurde der Bereitschaftf\u00fchrer in die Lage eingewiesen und hat seine Befehle an die Zugf\u00fchrer erteilt. Unterhalb der Marienburg ist ein ausgedehnter Waldbrand entstanden, es gibt viele Brandstellen und Personen wurden vermisst. Der 3. Zug hatte wieder die Aufgabe eine L\u00f6schwasserversorgung \u00fcber lange Wegstrecke aufzubauen. Als Wasserentnahmestelle wurde Ihnen der Fluss Leine zugeteilt. Nach einer Erkundung haben sich die beiden Zugf\u00fchrer vom 3. Zug abgesprochen und Ihre Befehle an die jeweiligen Gruppenf\u00fchrer mitgeteilt. Die Ortsfeuerwehr Hemmendorf hat die Wasserentnahmestelle an der Leine Aufgebaut, der SW 2000 hat 65 B-Schl\u00e4uche, das sind ca. 1300m, verlegt. Die Ortsfeuerwehren Th\u00fcste und Lauenstein haben jeweils 2 Verst\u00e4rkerpumpen eingesetzt ehe sie die Wasserversorgung an den 2. Zug \u00fcbergeben haben. F\u00fcr den gesamten Aufbau der langen Wegstrecke bis zur \u00dcbergabe haben die Kameraden gerade mal 20 Minuten ben\u00f6tigt. Im Anschluss der \u00dcbung wurden die Kameraden von der Versorgungsgruppe verpflegt. Gegen 14:30 Uhr waren die Kameraden wieder einsatzbereit an Ihren Standorten.<\/p>\n","protected":false},"excerpt":{"rendered":"<p>Der 3. Zug der Kreisfeuerwehrbereitschaft Ost, welcher aus mehreren Fahrzeugen und Kameradinnen und Kameraden aus dem Gemeindegebiet Salzhemmendorf besteht, hat am Samstag den 02.09.2023 an einer gro\u00dfen \u00dcbung um das &hellip; <a href=\"https:\/\/www.ffw-lauenstein.de\/?p=4690\" class=\"more-link\"><span class=\"screen-reader-text\">\u201eGro\u00dfangelegte \u00dcbung am Schloss Marienburg\u201c <\/span>weiterlesen<\/a><\/p>\n","protected":false},"author":4,"featured_media":0,"comment_status":"closed","ping_status":"open","sticky":false,"template":"","format":"standard","meta":{"ngg_post_thumbnail":0,"footnotes":""},"categories":[17],"tags":[],"class_list":["post-4690","post","type-post","status-publish","format-standard","hentry","category-aktuelles"],"_links":{"self":[{"href":"https:\/\/www.ffw-lauenstein.de\/index.php?rest_route=\/wp\/v2\/posts\/4690","targetHints":{"allow":["GET"]}}],"collection":[{"href":"https:\/\/www.ffw-lauenstein.de\/index.php?rest_route=\/wp\/v2\/posts"}],"about":[{"href":"https:\/\/www.ffw-lauenstein.de\/index.php?rest_route=\/wp\/v2\/types\/post"}],"author":[{"embeddable":true,"href":"https:\/\/www.ffw-lauenstein.de\/index.php?rest_route=\/wp\/v2\/users\/4"}],"replies":[{"embeddable":true,"href":"https:\/\/www.ffw-lauenstein.de\/index.php?rest_route=%2Fwp%2Fv2%2Fcomments&post=4690"}],"version-history":[{"count":1,"href":"https:\/\/www.ffw-lauenstein.de\/index.php?rest_route=\/wp\/v2\/posts\/4690\/revisions"}],"predecessor-version":[{"id":4691,"href":"https:\/\/www.ffw-lauenstein.de\/index.php?rest_route=\/wp\/v2\/posts\/4690\/revisions\/4691"}],"wp:attachment":[{"href":"https:\/\/www.ffw-lauenstein.de\/index.php?rest_route=%2Fwp%2Fv2%2Fmedia&parent=4690"}],"wp:term":[{"taxonomy":"category","embeddable":true,"href":"https:\/\/www.ffw-lauenstein.de\/index.php?rest_route=%2Fwp%2Fv2%2Fcategories&post=4690"},{"taxonomy":"post_tag","embeddable":true,"href":"https:\/\/www.ffw-lauenstein.de\/index.php?rest_route=%2Fwp%2Fv2%2Ftags&post=4690"}],"curies":[{"name":"wp","href":"https:\/\/api.w.org\/{rel}","templated":true}]}}