{"id":4716,"date":"2023-10-09T20:40:22","date_gmt":"2023-10-09T18:40:22","guid":{"rendered":"https:\/\/www.ffw-lauenstein.de\/?p=4716"},"modified":"2023-10-09T20:46:39","modified_gmt":"2023-10-09T18:46:39","slug":"erneute-tueroeffnung-in-der-ringstrasse","status":"publish","type":"post","link":"https:\/\/www.ffw-lauenstein.de\/?p=4716","title":{"rendered":"Erneute T\u00fcr\u00f6ffnung in der Ringstra\u00dfe"},"content":{"rendered":"<p>Die Freiwillige Feuerwehr Lauenstein wurde am Montag den 09.10.2023 erneut zu einer T\u00fcr\u00f6ffnung in die Ringstra\u00dfe alarmiert. Gemeinsam mit dem Rettungsdienst machten sich die Feuerwehrleute um 08:27 Uhr auf den Weg zur Einsatzstelle. Dieses mal konnte die betroffene Person die T\u00fcr nicht selbstst\u00e4ndig \u00f6ffnen. Daraufhin machten sich die ausgebildeten Kameraden an die Arbeit um den Schlie\u00dfzylinder zu ziehen. Anschlie\u00dfend konnte die T\u00fcr ge\u00f6ffnet werden und die Person an den Rettungsdienst \u00fcbergeben werden. Die erkrankte Person wurde nach einer Erstuntersuchung an der Einsatzstelle zu weiteren Untersuchungen ins Krankenhaus gebracht.<\/p>\n","protected":false},"excerpt":{"rendered":"<p>Die Freiwillige Feuerwehr Lauenstein wurde am Montag den 09.10.2023 erneut zu einer T\u00fcr\u00f6ffnung in die Ringstra\u00dfe alarmiert. Gemeinsam mit dem Rettungsdienst machten sich die Feuerwehrleute um 08:27 Uhr auf den &hellip; <a href=\"https:\/\/www.ffw-lauenstein.de\/?p=4716\" class=\"more-link\"><span class=\"screen-reader-text\">\u201eErneute T\u00fcr\u00f6ffnung in der Ringstra\u00dfe\u201c <\/span>weiterlesen<\/a><\/p>\n","protected":false},"author":4,"featured_media":0,"comment_status":"closed","ping_status":"open","sticky":false,"template":"","format":"standard","meta":{"ngg_post_thumbnail":0,"footnotes":""},"categories":[31],"tags":[],"class_list":["post-4716","post","type-post","status-publish","format-standard","hentry","category-einsaetze-2023"],"_links":{"self":[{"href":"https:\/\/www.ffw-lauenstein.de\/index.php?rest_route=\/wp\/v2\/posts\/4716","targetHints":{"allow":["GET"]}}],"collection":[{"href":"https:\/\/www.ffw-lauenstein.de\/index.php?rest_route=\/wp\/v2\/posts"}],"about":[{"href":"https:\/\/www.ffw-lauenstein.de\/index.php?rest_route=\/wp\/v2\/types\/post"}],"author":[{"embeddable":true,"href":"https:\/\/www.ffw-lauenstein.de\/index.php?rest_route=\/wp\/v2\/users\/4"}],"replies":[{"embeddable":true,"href":"https:\/\/www.ffw-lauenstein.de\/index.php?rest_route=%2Fwp%2Fv2%2Fcomments&post=4716"}],"version-history":[{"count":2,"href":"https:\/\/www.ffw-lauenstein.de\/index.php?rest_route=\/wp\/v2\/posts\/4716\/revisions"}],"predecessor-version":[{"id":4719,"href":"https:\/\/www.ffw-lauenstein.de\/index.php?rest_route=\/wp\/v2\/posts\/4716\/revisions\/4719"}],"wp:attachment":[{"href":"https:\/\/www.ffw-lauenstein.de\/index.php?rest_route=%2Fwp%2Fv2%2Fmedia&parent=4716"}],"wp:term":[{"taxonomy":"category","embeddable":true,"href":"https:\/\/www.ffw-lauenstein.de\/index.php?rest_route=%2Fwp%2Fv2%2Fcategories&post=4716"},{"taxonomy":"post_tag","embeddable":true,"href":"https:\/\/www.ffw-lauenstein.de\/index.php?rest_route=%2Fwp%2Fv2%2Ftags&post=4716"}],"curies":[{"name":"wp","href":"https:\/\/api.w.org\/{rel}","templated":true}]}}