{"id":4741,"date":"2023-11-30T20:16:01","date_gmt":"2023-11-30T18:16:01","guid":{"rendered":"https:\/\/www.ffw-lauenstein.de\/?p=4741"},"modified":"2023-11-30T20:16:01","modified_gmt":"2023-11-30T18:16:01","slug":"verkehrsunfall-auf-dem-ith","status":"publish","type":"post","link":"https:\/\/www.ffw-lauenstein.de\/?p=4741","title":{"rendered":"Verkehrsunfall auf dem Ith"},"content":{"rendered":"<p>Zu einem Verkehrsunfall mit einer eingeklemmten Person sind am Nachmittag um 15:31 Uhr, des 29.11.2023, die Feuerwehren Lauenstein, Salzhemmendorf und Oldendorf alarmiert worden. Auf der L425 (Lauenstein-Haus Harderode) rutschte ein Kleintransporter in einer Kurve gegen den Auflieger eines entgegenkommenden Sattelzuges. Vor Ort konnte der stellvertretende Gemeindebrandmeister Thomas H\u00f6lscher jedoch schnell Entwarnung geben. Gl\u00fccklicherweise war der Fahrer, der sich allein in dem Fahrzeug befand nicht eingeklemmt. Um einen besseren Zugang zu dem Verletzten zu bekommen, trennten Feuerwehrleute die Fahrert\u00fcr des verungl\u00fcckten Renault ab. Nach der Erstversorgung durch einen Notarzt wurde der Fahrer anschlie\u00dfend behutsam aus seinem Fahrzeug gerettet und in den bereitstehenden Rettungswagen gebracht. Der Fahrer des Lkw blieb bei dem Zusammensto\u00df unverletzt. Ausgelaufene Betriebsstoffe wurden von den Ehrenamtlichen unsch\u00e4dlich gemacht, die Batterie am Havaristen abgeklemmt und der Brandschutz sichergestellt. Gemeinsam mit der Polizei sperrten Feuerwehrleute die Landstra\u00dfe. Die Ortsfeuerwehr Lauenstein unterst\u00fctzte das Bergungsunternehmen noch bei der Bergung des Transporters. Hierbei haben Sie die Einsatzstelle ausgeleuchtet und mehrere Stunden bei k\u00e4lte die Stra\u00dfe gesperrt.&nbsp;&nbsp;<\/p>\n","protected":false},"excerpt":{"rendered":"<p>Zu einem Verkehrsunfall mit einer eingeklemmten Person sind am Nachmittag um 15:31 Uhr, des 29.11.2023, die Feuerwehren Lauenstein, Salzhemmendorf und Oldendorf alarmiert worden. Auf der L425 (Lauenstein-Haus Harderode) rutschte ein &hellip; <a href=\"https:\/\/www.ffw-lauenstein.de\/?p=4741\" class=\"more-link\"><span class=\"screen-reader-text\">\u201eVerkehrsunfall auf dem Ith\u201c <\/span>weiterlesen<\/a><\/p>\n","protected":false},"author":4,"featured_media":0,"comment_status":"closed","ping_status":"open","sticky":false,"template":"","format":"standard","meta":{"ngg_post_thumbnail":0,"footnotes":""},"categories":[31],"tags":[],"class_list":["post-4741","post","type-post","status-publish","format-standard","hentry","category-einsaetze-2023"],"_links":{"self":[{"href":"https:\/\/www.ffw-lauenstein.de\/index.php?rest_route=\/wp\/v2\/posts\/4741","targetHints":{"allow":["GET"]}}],"collection":[{"href":"https:\/\/www.ffw-lauenstein.de\/index.php?rest_route=\/wp\/v2\/posts"}],"about":[{"href":"https:\/\/www.ffw-lauenstein.de\/index.php?rest_route=\/wp\/v2\/types\/post"}],"author":[{"embeddable":true,"href":"https:\/\/www.ffw-lauenstein.de\/index.php?rest_route=\/wp\/v2\/users\/4"}],"replies":[{"embeddable":true,"href":"https:\/\/www.ffw-lauenstein.de\/index.php?rest_route=%2Fwp%2Fv2%2Fcomments&post=4741"}],"version-history":[{"count":1,"href":"https:\/\/www.ffw-lauenstein.de\/index.php?rest_route=\/wp\/v2\/posts\/4741\/revisions"}],"predecessor-version":[{"id":4742,"href":"https:\/\/www.ffw-lauenstein.de\/index.php?rest_route=\/wp\/v2\/posts\/4741\/revisions\/4742"}],"wp:attachment":[{"href":"https:\/\/www.ffw-lauenstein.de\/index.php?rest_route=%2Fwp%2Fv2%2Fmedia&parent=4741"}],"wp:term":[{"taxonomy":"category","embeddable":true,"href":"https:\/\/www.ffw-lauenstein.de\/index.php?rest_route=%2Fwp%2Fv2%2Fcategories&post=4741"},{"taxonomy":"post_tag","embeddable":true,"href":"https:\/\/www.ffw-lauenstein.de\/index.php?rest_route=%2Fwp%2Fv2%2Ftags&post=4741"}],"curies":[{"name":"wp","href":"https:\/\/api.w.org\/{rel}","templated":true}]}}