{"id":4769,"date":"2023-12-23T15:22:08","date_gmt":"2023-12-23T13:22:08","guid":{"rendered":"https:\/\/www.ffw-lauenstein.de\/?p=4769"},"modified":"2023-12-23T15:22:08","modified_gmt":"2023-12-23T13:22:08","slug":"alarmierung-fuer-den-3-zug-der-kfb-ost-zum-hochwasserschutz","status":"publish","type":"post","link":"https:\/\/www.ffw-lauenstein.de\/?p=4769","title":{"rendered":"Alarmierung f\u00fcr den 3. Zug der KFB-Ost zum Hochwasserschutz"},"content":{"rendered":"<p>Der 3. Zug der KFB-Ost, in dem auch die Ortsfeuerwehr Lauenstein t\u00e4tig ist, wurde am 22.12.2023 zur Unterst\u00fctzung und zum Bef\u00fcllen von Sands\u00e4cken alarmiert. Nach dem sich die verschiedenen Feuerwehren des 3. Zuges um 13:00 Uhr gesammelt haben, hat der Zugf\u00fchrer Jens Brock eine kleine Lagebesprechung abgehalten. Danach ging es in Kolonne nach Klein Berkel zum ehemaligen Nato-Platz. Hier hat man sich um 14:00 Uhr mit dem 4. Zug der KFB-Ost und dem 3. und 4. Zug der KFB-West getroffen. Der Einsatzauftrag f\u00fcr die ca. 130 Freiwilligen Feuerwehrleute war ca. 15.000 Sands\u00e4cke f\u00fcr die angrenzenden St\u00e4dte und Kommunen an der Weser und Emmer zu f\u00fcllen. Da Dauerregen zu hohen Pegelst\u00e4nden an B\u00e4chen und Fl\u00fcssen gef\u00fchrt hat. Zwischendurch wurden die Feuerwehrleute von der Versorgungsgruppe des ABC-Zuges verpflegt. Nach einem langen und Kr\u00e4ftezehrendem Einsatz waren die Lauensteiner Kameraden um ca. 21:45 Uhr wieder zu Hause. Die Hochwasser Situation bleibt w\u00e4hrend der Feiertage angespannt.<\/p>\n<p>Bericht Gemeindefeuerwehr Salzhemmendorf <a href=\"https:\/\/gf-salzhemmendorf.de\/de\/einsaetze\/einsatz-detail\/?tx_operations_list%5Boperation%5D=363&amp;tx_operations_list%5Baction%5D=show&amp;tx_operations_list%5Bcontroller%5D=Operation&amp;cHash=902f373e6dc0588c0dab68fb77ae45bc\">Einsatz-Detail | Retten, L\u00f6schen, Bergen, Sch\u00fctzen (gf-salzhemmendorf.de)<\/a><\/p>\n","protected":false},"excerpt":{"rendered":"<p>Der 3. Zug der KFB-Ost, in dem auch die Ortsfeuerwehr Lauenstein t\u00e4tig ist, wurde am 22.12.2023 zur Unterst\u00fctzung und zum Bef\u00fcllen von Sands\u00e4cken alarmiert. Nach dem sich die verschiedenen Feuerwehren &hellip; <a href=\"https:\/\/www.ffw-lauenstein.de\/?p=4769\" class=\"more-link\"><span class=\"screen-reader-text\">\u201eAlarmierung f\u00fcr den 3. Zug der KFB-Ost zum Hochwasserschutz\u201c <\/span>weiterlesen<\/a><\/p>\n","protected":false},"author":4,"featured_media":0,"comment_status":"closed","ping_status":"open","sticky":false,"template":"","format":"standard","meta":{"ngg_post_thumbnail":0,"footnotes":""},"categories":[31],"tags":[],"class_list":["post-4769","post","type-post","status-publish","format-standard","hentry","category-einsaetze-2023"],"_links":{"self":[{"href":"https:\/\/www.ffw-lauenstein.de\/index.php?rest_route=\/wp\/v2\/posts\/4769","targetHints":{"allow":["GET"]}}],"collection":[{"href":"https:\/\/www.ffw-lauenstein.de\/index.php?rest_route=\/wp\/v2\/posts"}],"about":[{"href":"https:\/\/www.ffw-lauenstein.de\/index.php?rest_route=\/wp\/v2\/types\/post"}],"author":[{"embeddable":true,"href":"https:\/\/www.ffw-lauenstein.de\/index.php?rest_route=\/wp\/v2\/users\/4"}],"replies":[{"embeddable":true,"href":"https:\/\/www.ffw-lauenstein.de\/index.php?rest_route=%2Fwp%2Fv2%2Fcomments&post=4769"}],"version-history":[{"count":1,"href":"https:\/\/www.ffw-lauenstein.de\/index.php?rest_route=\/wp\/v2\/posts\/4769\/revisions"}],"predecessor-version":[{"id":4770,"href":"https:\/\/www.ffw-lauenstein.de\/index.php?rest_route=\/wp\/v2\/posts\/4769\/revisions\/4770"}],"wp:attachment":[{"href":"https:\/\/www.ffw-lauenstein.de\/index.php?rest_route=%2Fwp%2Fv2%2Fmedia&parent=4769"}],"wp:term":[{"taxonomy":"category","embeddable":true,"href":"https:\/\/www.ffw-lauenstein.de\/index.php?rest_route=%2Fwp%2Fv2%2Fcategories&post=4769"},{"taxonomy":"post_tag","embeddable":true,"href":"https:\/\/www.ffw-lauenstein.de\/index.php?rest_route=%2Fwp%2Fv2%2Ftags&post=4769"}],"curies":[{"name":"wp","href":"https:\/\/api.w.org\/{rel}","templated":true}]}}