{"id":4774,"date":"2023-12-30T17:16:38","date_gmt":"2023-12-30T15:16:38","guid":{"rendered":"https:\/\/www.ffw-lauenstein.de\/?p=4774"},"modified":"2023-12-30T17:16:38","modified_gmt":"2023-12-30T15:16:38","slug":"sandsaecke-fuellen-an-heiligabend","status":"publish","type":"post","link":"https:\/\/www.ffw-lauenstein.de\/?p=4774","title":{"rendered":"Sands\u00e4cke f\u00fcllen an Heiligabend"},"content":{"rendered":"<p>Mehrere Kameraden der Ortsfeuerwehren Lauenstein und Osterwald haben am fr\u00fchen Heiligabend ab 08:00 Uhr bis Mittags ca. 14:00 Uhr beim Sandsackf\u00fcllen f\u00fcr andere Kommunen unterst\u00fctzt. Mehrere Tausend Sands\u00e4cke wurden gef\u00fcllt um gef\u00e4hrdete Bereiche vorm Hochwasser zu sch\u00fctzen.<a href=\"https:\/\/www.ffw-lauenstein.de\/?attachment_id=4775\" rel=\"attachment wp-att-4775\"><img loading=\"lazy\" decoding=\"async\" class=\"alignnone size-large wp-image-4775\" src=\"https:\/\/www.ffw-lauenstein.de\/wp-content\/uploads\/2023\/12\/IMG-20231224-WA0015-1200x675.jpg\" alt=\"\" width=\"840\" height=\"473\" srcset=\"https:\/\/www.ffw-lauenstein.de\/wp-content\/uploads\/2023\/12\/IMG-20231224-WA0015-1200x675.jpg 1200w, https:\/\/www.ffw-lauenstein.de\/wp-content\/uploads\/2023\/12\/IMG-20231224-WA0015-850x478.jpg 850w, https:\/\/www.ffw-lauenstein.de\/wp-content\/uploads\/2023\/12\/IMG-20231224-WA0015-250x141.jpg 250w\" sizes=\"auto, (max-width: 709px) 85vw, (max-width: 909px) 67vw, (max-width: 1362px) 62vw, 840px\" \/><\/a> <a href=\"https:\/\/www.ffw-lauenstein.de\/?attachment_id=4776\" rel=\"attachment wp-att-4776\"><img loading=\"lazy\" decoding=\"async\" class=\"alignnone size-large wp-image-4776\" src=\"https:\/\/www.ffw-lauenstein.de\/wp-content\/uploads\/2023\/12\/IMG-20231224-WA0035-1200x675.jpg\" alt=\"\" width=\"840\" height=\"473\" srcset=\"https:\/\/www.ffw-lauenstein.de\/wp-content\/uploads\/2023\/12\/IMG-20231224-WA0035-1200x675.jpg 1200w, https:\/\/www.ffw-lauenstein.de\/wp-content\/uploads\/2023\/12\/IMG-20231224-WA0035-850x478.jpg 850w, https:\/\/www.ffw-lauenstein.de\/wp-content\/uploads\/2023\/12\/IMG-20231224-WA0035-250x141.jpg 250w, https:\/\/www.ffw-lauenstein.de\/wp-content\/uploads\/2023\/12\/IMG-20231224-WA0035-768x432.jpg 768w, https:\/\/www.ffw-lauenstein.de\/wp-content\/uploads\/2023\/12\/IMG-20231224-WA0035-1536x864.jpg 1536w, https:\/\/www.ffw-lauenstein.de\/wp-content\/uploads\/2023\/12\/IMG-20231224-WA0035.jpg 1600w\" sizes=\"auto, (max-width: 709px) 85vw, (max-width: 909px) 67vw, (max-width: 1362px) 62vw, 840px\" \/><\/a><\/p>\n","protected":false},"excerpt":{"rendered":"<p>Mehrere Kameraden der Ortsfeuerwehren Lauenstein und Osterwald haben am fr\u00fchen Heiligabend ab 08:00 Uhr bis Mittags ca. 14:00 Uhr beim Sandsackf\u00fcllen f\u00fcr andere Kommunen unterst\u00fctzt. Mehrere Tausend Sands\u00e4cke wurden gef\u00fcllt &hellip; <a href=\"https:\/\/www.ffw-lauenstein.de\/?p=4774\" class=\"more-link\"><span class=\"screen-reader-text\">\u201eSands\u00e4cke f\u00fcllen an Heiligabend\u201c <\/span>weiterlesen<\/a><\/p>\n","protected":false},"author":4,"featured_media":0,"comment_status":"closed","ping_status":"open","sticky":false,"template":"","format":"standard","meta":{"ngg_post_thumbnail":0,"footnotes":""},"categories":[31],"tags":[],"class_list":["post-4774","post","type-post","status-publish","format-standard","hentry","category-einsaetze-2023"],"_links":{"self":[{"href":"https:\/\/www.ffw-lauenstein.de\/index.php?rest_route=\/wp\/v2\/posts\/4774","targetHints":{"allow":["GET"]}}],"collection":[{"href":"https:\/\/www.ffw-lauenstein.de\/index.php?rest_route=\/wp\/v2\/posts"}],"about":[{"href":"https:\/\/www.ffw-lauenstein.de\/index.php?rest_route=\/wp\/v2\/types\/post"}],"author":[{"embeddable":true,"href":"https:\/\/www.ffw-lauenstein.de\/index.php?rest_route=\/wp\/v2\/users\/4"}],"replies":[{"embeddable":true,"href":"https:\/\/www.ffw-lauenstein.de\/index.php?rest_route=%2Fwp%2Fv2%2Fcomments&post=4774"}],"version-history":[{"count":1,"href":"https:\/\/www.ffw-lauenstein.de\/index.php?rest_route=\/wp\/v2\/posts\/4774\/revisions"}],"predecessor-version":[{"id":4777,"href":"https:\/\/www.ffw-lauenstein.de\/index.php?rest_route=\/wp\/v2\/posts\/4774\/revisions\/4777"}],"wp:attachment":[{"href":"https:\/\/www.ffw-lauenstein.de\/index.php?rest_route=%2Fwp%2Fv2%2Fmedia&parent=4774"}],"wp:term":[{"taxonomy":"category","embeddable":true,"href":"https:\/\/www.ffw-lauenstein.de\/index.php?rest_route=%2Fwp%2Fv2%2Fcategories&post=4774"},{"taxonomy":"post_tag","embeddable":true,"href":"https:\/\/www.ffw-lauenstein.de\/index.php?rest_route=%2Fwp%2Fv2%2Ftags&post=4774"}],"curies":[{"name":"wp","href":"https:\/\/api.w.org\/{rel}","templated":true}]}}