{"id":4842,"date":"2024-01-29T20:56:07","date_gmt":"2024-01-29T18:56:07","guid":{"rendered":"https:\/\/www.ffw-lauenstein.de\/?p=4842"},"modified":"2024-01-29T20:56:07","modified_gmt":"2024-01-29T18:56:07","slug":"jahreshauptversammlung-feuerwehr-lauenstein-2024","status":"publish","type":"post","link":"https:\/\/www.ffw-lauenstein.de\/?p=4842","title":{"rendered":"Jahreshauptversammlung Feuerwehr Lauenstein 2024"},"content":{"rendered":"<p>Am Samstag, den 20.01.2024, lud die Feuerwehr Lauenstein zur Jahreshauptversammlung in die Mehrzweckhalle ein. \u00dcber 80 Feuerwehrfrauen und M\u00e4nner konnte der Ortsbrandmeister Hubert Brock an diesem Abend begr\u00fc\u00dfen. Neben den G\u00e4sten aus der Politik waren auch Kasten Redeker von der Kreisfeuerwehr Hameln-Pyrmont sowie der stellvertretende Gemeindebrandmeister Thomas H\u00f6lscher anwesend. Nachdem gemeinsam das Abendessen zu sich genommen wurde, startete der stellvertretende Ortsbrandmeister Jens Brock mit dem Bericht aus dem vergangenen Jahr. Diesem war zu entnehmen, dass die Lauensteiner Brandsch\u00fctzer 22-mal zu Eins\u00e4tzen ausr\u00fccken mussten. Besonders war nat\u00fcrlich die Hochwassersituation. Am 2. Weihnachtsfeiertag mussten auch die Lauensteiner, als Teil des 3.Fachzuges, der Kreisfeuerwehrbereitschaft-Ost, ihre Familien daheim zur\u00fccklassen, um den Menschen im Landkreis Hildesheim zu helfen. Hier machten Ortsbrandmeister und Stellvertreter auch noch einmal deutlich wie stolz sie darauf sind, solch eine tolle Mannschaft hinter sich zu haben. Auch Bef\u00f6rderungen und Ehrungen standen an diesem Abend auf der Tagesordnung. So wurde Sarah Sch\u00fctz zur Feuerwehrfrau und Tristan Dittmann zum Feuerwehrmann bef\u00f6rdert. Erik W\u00f6hler konnte die Urkunde zu seiner Bef\u00f6rderung zum Hauptfeuerwehrmann entgegennehmen. Aus der Jugendfeuerwehr werden Jan-Luca Carmosin, Janes Hoffmann und Kym Killian Sander zuk\u00fcnftig ihren Dienst bei den aktiven Feuerwehrleuten antreten. Alle drei sind bereits seit der Kinderfeuerwehr ein Teil der Lauensteiner Feuerwehrfamilie. F\u00fcr 25-j\u00e4hrige Mitgliedschaft in der Feuerwehr wurden Dirk Bode und Kai Fahrenkamp geehrt. Frank M\u00fcller bekam die Ehrung f\u00fcr 50-j\u00e4hrige Mitgliedschaft in der Freiwilligen Feuerwehr. Seine Ehrung wollte M\u00fcller gerne mit allen Anwesenden feiern und spendierte kurzerhand 50 Liter Freibier. Jens Brock konnte das Deutsche Feuerwehr Fitnessabzeichen in Silber, sowie das deutsche Sportabzeichen in Gold entgegennehmen. 24 Einsatzkr\u00e4fte bekamen vom Gemeindeb\u00fcrgermeister Clemens Pommerening die Ehrenamtskarte \u00fcberreicht. Dass die Feuerwehr Lauenstein personell gut f\u00fcr die Zukunft aufgestellt ist, spiegelt sich in den Mitgliederzahlen wieder. Aktuell kann die Einsatzabteilung 39 Feuerwehrfrauen und M\u00e4nner vorweisen. Die Jugendfeuerwehr kommt auf 11 Kids sowie die Kinderfeuerwehr auf 9 Nachwuchsbrandsch\u00fctzer. Der Jugendspielmannszug der Freiwilligen Feuerwehr z\u00e4hlt aktuell 29 Mitglieder. Auch die Altersabteilung k\u00f6nnte mit ihren acht Kameraden noch eine eigene L\u00f6schgruppe stellen. Insgesamt f\u00f6rdern 339 Mitglieder die Feuerwehr Lauenstein. Zum Ende der Veranstaltung nannte Hubert Brock noch einige Termine f\u00fcr das Jahr 2024. Ein besonderes Datum f\u00fcr die Feuerwehr Lauenstein ist nat\u00fcrlich der 24.5.2024-26.5.2024. Hier feiern die Brandsch\u00fctzer ihr 100-j\u00e4hriges bestehen, welches mit einem gro\u00dfen Fest an der Mehrzweckhalle gefeiert wird. Einen ganz besonderen Dank richtete Hubert Brock dem B\u00fcrgerbusverein aus, denn dieser hatte am Samstagabend mit einem Fahrdienst daf\u00fcr gesorgt das alle Teilnehmer nach der Jahreshauptversammlung, wieder sicher zu Hause ankamen. Bericht Gemeindefeuerwehr Salzhemmendorf <a href=\"https:\/\/gf-salzhemmendorf.de\/de\/startseite\/?tx_news_pi1%5Bnews%5D=123&amp;tx_news_pi1%5Bcontroller%5D=News&amp;tx_news_pi1%5Baction%5D=detail&amp;cHash=fcb117bfda523f6e679718959eaf6d4f\">Willkommen bei der Gemeindefeuerwehr Salzhemmendorf | Retten, L\u00f6schen, Bergen, Sch\u00fctzen (gf-salzhemmendorf.de)<\/a><\/p>\n","protected":false},"excerpt":{"rendered":"<p>Am Samstag, den 20.01.2024, lud die Feuerwehr Lauenstein zur Jahreshauptversammlung in die Mehrzweckhalle ein. \u00dcber 80 Feuerwehrfrauen und M\u00e4nner konnte der Ortsbrandmeister Hubert Brock an diesem Abend begr\u00fc\u00dfen. Neben den &hellip; <a href=\"https:\/\/www.ffw-lauenstein.de\/?p=4842\" class=\"more-link\"><span class=\"screen-reader-text\">\u201eJahreshauptversammlung Feuerwehr Lauenstein 2024\u201c <\/span>weiterlesen<\/a><\/p>\n","protected":false},"author":4,"featured_media":0,"comment_status":"closed","ping_status":"open","sticky":false,"template":"","format":"standard","meta":{"ngg_post_thumbnail":0,"footnotes":""},"categories":[1],"tags":[],"class_list":["post-4842","post","type-post","status-publish","format-standard","hentry","category-veranstaltungen"],"_links":{"self":[{"href":"https:\/\/www.ffw-lauenstein.de\/index.php?rest_route=\/wp\/v2\/posts\/4842","targetHints":{"allow":["GET"]}}],"collection":[{"href":"https:\/\/www.ffw-lauenstein.de\/index.php?rest_route=\/wp\/v2\/posts"}],"about":[{"href":"https:\/\/www.ffw-lauenstein.de\/index.php?rest_route=\/wp\/v2\/types\/post"}],"author":[{"embeddable":true,"href":"https:\/\/www.ffw-lauenstein.de\/index.php?rest_route=\/wp\/v2\/users\/4"}],"replies":[{"embeddable":true,"href":"https:\/\/www.ffw-lauenstein.de\/index.php?rest_route=%2Fwp%2Fv2%2Fcomments&post=4842"}],"version-history":[{"count":1,"href":"https:\/\/www.ffw-lauenstein.de\/index.php?rest_route=\/wp\/v2\/posts\/4842\/revisions"}],"predecessor-version":[{"id":4843,"href":"https:\/\/www.ffw-lauenstein.de\/index.php?rest_route=\/wp\/v2\/posts\/4842\/revisions\/4843"}],"wp:attachment":[{"href":"https:\/\/www.ffw-lauenstein.de\/index.php?rest_route=%2Fwp%2Fv2%2Fmedia&parent=4842"}],"wp:term":[{"taxonomy":"category","embeddable":true,"href":"https:\/\/www.ffw-lauenstein.de\/index.php?rest_route=%2Fwp%2Fv2%2Fcategories&post=4842"},{"taxonomy":"post_tag","embeddable":true,"href":"https:\/\/www.ffw-lauenstein.de\/index.php?rest_route=%2Fwp%2Fv2%2Ftags&post=4842"}],"curies":[{"name":"wp","href":"https:\/\/api.w.org\/{rel}","templated":true}]}}