{"id":4871,"date":"2024-02-26T22:18:03","date_gmt":"2024-02-26T20:18:03","guid":{"rendered":"https:\/\/www.ffw-lauenstein.de\/?p=4871"},"modified":"2024-02-26T22:18:03","modified_gmt":"2024-02-26T20:18:03","slug":"gemeinsamer-dienst-unserer-nachwuchsbrandschuetzer","status":"publish","type":"post","link":"https:\/\/www.ffw-lauenstein.de\/?p=4871","title":{"rendered":"Gemeinsamer Dienst unserer Nachwuchsbrandsch\u00fctzer"},"content":{"rendered":"<p>&nbsp;Am Freitag, den 23.02.2024, hatten wir bei unserem \u00dcbungsdienst Besuch von der Kinderfeuerwehr. Es stand das \u00dcben f\u00fcr die Jugendflammen auf dem Programm. In zwei Gruppen geteilt, haben wir im Wechsel praktisch mit Lucas das Setzen eines Standrohres und die Verkehrsabsicherung ge\u00fcbt. Im theoretischen Teil mit Alina im Feuerwehrhaus haben wir den Notruf und die erste Hilfe nochmal aufgefrischt. Uns hat es gro\u00dfen Spa\u00df gemacht, auch den kleinen was Neues zeigen zu k\u00f6nnen. Den Gemeinschaftsdienst werden wir auf jeden Fall wiederholen.<\/p>\n<p><a href=\"https:\/\/www.ffw-lauenstein.de\/?attachment_id=4872\" rel=\"attachment wp-att-4872\"><img loading=\"lazy\" decoding=\"async\" class=\"alignnone size-medium wp-image-4872\" src=\"https:\/\/www.ffw-lauenstein.de\/wp-content\/uploads\/2024\/02\/429653797_790198276480324_7482575026505938840_n-850x478.jpg\" alt=\"\" width=\"850\" height=\"478\" srcset=\"https:\/\/www.ffw-lauenstein.de\/wp-content\/uploads\/2024\/02\/429653797_790198276480324_7482575026505938840_n-850x478.jpg 850w, https:\/\/www.ffw-lauenstein.de\/wp-content\/uploads\/2024\/02\/429653797_790198276480324_7482575026505938840_n-250x141.jpg 250w\" sizes=\"auto, (max-width: 709px) 85vw, (max-width: 909px) 67vw, (max-width: 1362px) 62vw, 840px\" \/><\/a> <a href=\"https:\/\/www.ffw-lauenstein.de\/?attachment_id=4873\" rel=\"attachment wp-att-4873\"><img loading=\"lazy\" decoding=\"async\" class=\"alignnone size-medium wp-image-4873\" src=\"https:\/\/www.ffw-lauenstein.de\/wp-content\/uploads\/2024\/02\/429672616_790198226480329_5653996745168386367_n-850x478.jpg\" alt=\"\" width=\"850\" height=\"478\" srcset=\"https:\/\/www.ffw-lauenstein.de\/wp-content\/uploads\/2024\/02\/429672616_790198226480329_5653996745168386367_n-850x478.jpg 850w, https:\/\/www.ffw-lauenstein.de\/wp-content\/uploads\/2024\/02\/429672616_790198226480329_5653996745168386367_n-250x141.jpg 250w\" sizes=\"auto, (max-width: 709px) 85vw, (max-width: 909px) 67vw, (max-width: 1362px) 62vw, 840px\" \/><\/a><\/p>\n","protected":false},"excerpt":{"rendered":"<p>&nbsp;Am Freitag, den 23.02.2024, hatten wir bei unserem \u00dcbungsdienst Besuch von der Kinderfeuerwehr. Es stand das \u00dcben f\u00fcr die Jugendflammen auf dem Programm. In zwei Gruppen geteilt, haben wir im &hellip; <a href=\"https:\/\/www.ffw-lauenstein.de\/?p=4871\" class=\"more-link\"><span class=\"screen-reader-text\">\u201eGemeinsamer Dienst unserer Nachwuchsbrandsch\u00fctzer\u201c <\/span>weiterlesen<\/a><\/p>\n","protected":false},"author":4,"featured_media":0,"comment_status":"closed","ping_status":"open","sticky":false,"template":"","format":"standard","meta":{"ngg_post_thumbnail":0,"footnotes":""},"categories":[13],"tags":[],"class_list":["post-4871","post","type-post","status-publish","format-standard","hentry","category-sonstiges"],"_links":{"self":[{"href":"https:\/\/www.ffw-lauenstein.de\/index.php?rest_route=\/wp\/v2\/posts\/4871","targetHints":{"allow":["GET"]}}],"collection":[{"href":"https:\/\/www.ffw-lauenstein.de\/index.php?rest_route=\/wp\/v2\/posts"}],"about":[{"href":"https:\/\/www.ffw-lauenstein.de\/index.php?rest_route=\/wp\/v2\/types\/post"}],"author":[{"embeddable":true,"href":"https:\/\/www.ffw-lauenstein.de\/index.php?rest_route=\/wp\/v2\/users\/4"}],"replies":[{"embeddable":true,"href":"https:\/\/www.ffw-lauenstein.de\/index.php?rest_route=%2Fwp%2Fv2%2Fcomments&post=4871"}],"version-history":[{"count":1,"href":"https:\/\/www.ffw-lauenstein.de\/index.php?rest_route=\/wp\/v2\/posts\/4871\/revisions"}],"predecessor-version":[{"id":4874,"href":"https:\/\/www.ffw-lauenstein.de\/index.php?rest_route=\/wp\/v2\/posts\/4871\/revisions\/4874"}],"wp:attachment":[{"href":"https:\/\/www.ffw-lauenstein.de\/index.php?rest_route=%2Fwp%2Fv2%2Fmedia&parent=4871"}],"wp:term":[{"taxonomy":"category","embeddable":true,"href":"https:\/\/www.ffw-lauenstein.de\/index.php?rest_route=%2Fwp%2Fv2%2Fcategories&post=4871"},{"taxonomy":"post_tag","embeddable":true,"href":"https:\/\/www.ffw-lauenstein.de\/index.php?rest_route=%2Fwp%2Fv2%2Ftags&post=4871"}],"curies":[{"name":"wp","href":"https:\/\/api.w.org\/{rel}","templated":true}]}}