{"id":4883,"date":"2024-03-16T12:15:04","date_gmt":"2024-03-16T10:15:04","guid":{"rendered":"https:\/\/www.ffw-lauenstein.de\/?p=4883"},"modified":"2024-03-30T14:07:37","modified_gmt":"2024-03-30T12:07:37","slug":"neuer-mannschaftstransportwagen-fuer-die-freiwillige-feuerwehr-lauenstein-2","status":"publish","type":"post","link":"https:\/\/www.ffw-lauenstein.de\/?p=4883","title":{"rendered":"Neuer Mannschaftstransportwagen f\u00fcr die Freiwillige Feuerwehr Lauenstein"},"content":{"rendered":"<p>Die Freiwillige Feuerwehr Lauenstein hat einen neuen Mannschaftstransportwagen (MTW) bekommen. Durch Unterst\u00fctzung vom F\u00f6rderverein der Freiwilligen Feuerwehr Lauenstein konnte der neue MTW f\u00fcr die Lauensteiner beschafft werden. Der VW Transport T6 ersetzt den bisherigen VW T5, der vor einigen Jahren ebenfalls vom F\u00f6rderverein beschafft wurde. Der neue MTW hat auch wieder Platz f\u00fcr 8 Personen und ist auf dem neusten Stand der Technik. Zuvor war der T6 bei der Bundeswehr im Einsatz und wurde von der Firma Freytag auf die Feuerwehr Belange umger\u00fcstet. Einige kleine Arbeiten, wie z. B. Umbau der Funkger\u00e4te wurden selbstst\u00e4ndig durchgef\u00fchrt. Zur Sicherheit hat der MTW auch ein Gitter im Kofferraum um Gegenst\u00e4nde in diesem Bereich zu sichern. Vorwiegend wird der MTW f\u00fcr die Kinder- und Jugendarbeit benutzt, aber auch f\u00fcr die Einsatzabteilung ist dieses Fahrzeug ein wichtiger Bestandteil. Der alte und zuverl\u00e4ssige MTW wurde an die Ortsfeuerwehr Hemmendorf verkauft. Daher freut es uns das wir unseren alten MTW weiterhin im Gemeindegebiet sehen werden.<a href=\"https:\/\/www.ffw-lauenstein.de\/?attachment_id=4884\" rel=\"attachment wp-att-4884\"><img loading=\"lazy\" decoding=\"async\" class=\"alignnone size-medium wp-image-4884\" src=\"https:\/\/www.ffw-lauenstein.de\/wp-content\/uploads\/2024\/03\/20240315_162851-850x478.jpg\" alt=\"\" width=\"850\" height=\"478\" srcset=\"https:\/\/www.ffw-lauenstein.de\/wp-content\/uploads\/2024\/03\/20240315_162851-850x478.jpg 850w, https:\/\/www.ffw-lauenstein.de\/wp-content\/uploads\/2024\/03\/20240315_162851-1200x675.jpg 1200w, https:\/\/www.ffw-lauenstein.de\/wp-content\/uploads\/2024\/03\/20240315_162851-250x141.jpg 250w\" sizes=\"auto, (max-width: 709px) 85vw, (max-width: 909px) 67vw, (max-width: 1362px) 62vw, 840px\" \/><\/a><\/p>\n<p><span style=\"color: #007acc;\"><a href=\"https:\/\/www.ffw-lauenstein.de\/?attachment_id=4885\" rel=\"attachment wp-att-4885\"><img loading=\"lazy\" decoding=\"async\" class=\"alignnone size-medium wp-image-4885\" src=\"https:\/\/www.ffw-lauenstein.de\/wp-content\/uploads\/2024\/03\/20240315_162825-850x478.jpg\" alt=\"\" width=\"850\" height=\"478\" srcset=\"https:\/\/www.ffw-lauenstein.de\/wp-content\/uploads\/2024\/03\/20240315_162825-850x478.jpg 850w, https:\/\/www.ffw-lauenstein.de\/wp-content\/uploads\/2024\/03\/20240315_162825-1200x675.jpg 1200w, https:\/\/www.ffw-lauenstein.de\/wp-content\/uploads\/2024\/03\/20240315_162825-250x141.jpg 250w\" sizes=\"auto, (max-width: 709px) 85vw, (max-width: 909px) 67vw, (max-width: 1362px) 62vw, 840px\" \/><\/a><a href=\"https:\/\/www.ffw-lauenstein.de\/?attachment_id=4894\" rel=\"attachment wp-att-4894\"><img loading=\"lazy\" decoding=\"async\" class=\"alignnone size-medium wp-image-4894\" src=\"https:\/\/www.ffw-lauenstein.de\/wp-content\/uploads\/2024\/03\/csm_1_18c93542e3-800x478.jpg\" alt=\"\" width=\"800\" height=\"478\"><\/a><a href=\"https:\/\/www.ffw-lauenstein.de\/?attachment_id=4893\" rel=\"attachment wp-att-4893\"><img loading=\"lazy\" decoding=\"async\" class=\"alignnone size-medium wp-image-4893\" src=\"https:\/\/www.ffw-lauenstein.de\/wp-content\/uploads\/2024\/03\/csm_2_45d5e0c872-800x478.jpg\" alt=\"\" width=\"800\" height=\"478\"><\/a><br \/>\n<\/span><\/p>\n","protected":false},"excerpt":{"rendered":"<p>Die Freiwillige Feuerwehr Lauenstein hat einen neuen Mannschaftstransportwagen (MTW) bekommen. Durch Unterst\u00fctzung vom F\u00f6rderverein der Freiwilligen Feuerwehr Lauenstein konnte der neue MTW f\u00fcr die Lauensteiner beschafft werden. Der VW Transport &hellip; <a href=\"https:\/\/www.ffw-lauenstein.de\/?p=4883\" class=\"more-link\"><span class=\"screen-reader-text\">\u201eNeuer Mannschaftstransportwagen f\u00fcr die Freiwillige Feuerwehr Lauenstein\u201c <\/span>weiterlesen<\/a><\/p>\n","protected":false},"author":4,"featured_media":0,"comment_status":"closed","ping_status":"open","sticky":false,"template":"","format":"standard","meta":{"ngg_post_thumbnail":0,"footnotes":""},"categories":[17],"tags":[],"class_list":["post-4883","post","type-post","status-publish","format-standard","hentry","category-aktuelles"],"_links":{"self":[{"href":"https:\/\/www.ffw-lauenstein.de\/index.php?rest_route=\/wp\/v2\/posts\/4883","targetHints":{"allow":["GET"]}}],"collection":[{"href":"https:\/\/www.ffw-lauenstein.de\/index.php?rest_route=\/wp\/v2\/posts"}],"about":[{"href":"https:\/\/www.ffw-lauenstein.de\/index.php?rest_route=\/wp\/v2\/types\/post"}],"author":[{"embeddable":true,"href":"https:\/\/www.ffw-lauenstein.de\/index.php?rest_route=\/wp\/v2\/users\/4"}],"replies":[{"embeddable":true,"href":"https:\/\/www.ffw-lauenstein.de\/index.php?rest_route=%2Fwp%2Fv2%2Fcomments&post=4883"}],"version-history":[{"count":3,"href":"https:\/\/www.ffw-lauenstein.de\/index.php?rest_route=\/wp\/v2\/posts\/4883\/revisions"}],"predecessor-version":[{"id":4896,"href":"https:\/\/www.ffw-lauenstein.de\/index.php?rest_route=\/wp\/v2\/posts\/4883\/revisions\/4896"}],"wp:attachment":[{"href":"https:\/\/www.ffw-lauenstein.de\/index.php?rest_route=%2Fwp%2Fv2%2Fmedia&parent=4883"}],"wp:term":[{"taxonomy":"category","embeddable":true,"href":"https:\/\/www.ffw-lauenstein.de\/index.php?rest_route=%2Fwp%2Fv2%2Fcategories&post=4883"},{"taxonomy":"post_tag","embeddable":true,"href":"https:\/\/www.ffw-lauenstein.de\/index.php?rest_route=%2Fwp%2Fv2%2Ftags&post=4883"}],"curies":[{"name":"wp","href":"https:\/\/api.w.org\/{rel}","templated":true}]}}