{"id":4923,"date":"2024-04-20T07:24:14","date_gmt":"2024-04-20T05:24:14","guid":{"rendered":"https:\/\/www.ffw-lauenstein.de\/?p=4923"},"modified":"2024-04-20T07:24:14","modified_gmt":"2024-04-20T05:24:14","slug":"gefaehrliche-oelspuren-auf-kurven-auf-dem-ith","status":"publish","type":"post","link":"https:\/\/www.ffw-lauenstein.de\/?p=4923","title":{"rendered":"Gef\u00e4hrliche \u00d6lspuren auf Kurven auf dem Ith"},"content":{"rendered":"<p>Am fr\u00fchen Abend des 19.04.2024 wurden die Feuerwehren Salzhemmendorf und Lauenstein zu einer \u00d6lspur alarmiert. W\u00e4hrend die Salzhemmendorfer Feuerwehrleute auf der Hemmendorfer Landstra\u00dfe eine rund 40 Meter lange \u00d6lspur beseitigten, mussten die Lauensteiner Kameraden einmal mehr zum Umwelteinsatz auf die Ithstra\u00dfe ausr\u00fccken. Hier verlief die \u00d6lspur bis nach Haus Harderode. Nachdem die Salzhemmendorfer ihren Einsatz abgeschlossen hatten, unterst\u00fctzte die Besatzung des R\u00fcstwagens noch die Lauensteiner Feuerwehrleute bei der Bek\u00e4mpfung des umweltsch\u00e4dlichen Betriebsstoffes. Die \u00d6lspur war vor allen in den Kurvenbereichen sehr rutschig und gef\u00e4hrlich f\u00fcr die Verkehrsteilnehmer. Rund eine Stunde nach der Alarmierung wurden die Ehrenamtlichen schlie\u00dflich von der Stra\u00dfenmeisterei abgel\u00f6st und konnten somit wieder einr\u00fccken. Bereits am sp\u00e4ten Nachmittag wurden die Feuerwehren Hemmendorf und Salzhemmendorf zu einer gemeldeten \u00d6lspur alarmiert. Es konnte jedoch keine Verunreinigung festgestellt werden, woraufhin die Feuerwehren ihren Einsatz abbrachen.<\/p>\n<p><a href=\"https:\/\/gf-salzhemmendorf.de\/de\/einsaetze\/einsatz-detail\/?tx_operations_list%5Boperation%5D=389&amp;tx_operations_list%5Baction%5D=show&amp;tx_operations_list%5Bcontroller%5D=Operation&amp;cHash=12f29727388c85664c73a6051ad824d7\">Einsatz-Detail | Retten, L\u00f6schen, Bergen, Sch\u00fctzen (gf-salzhemmendorf.de)<\/a><\/p>\n","protected":false},"excerpt":{"rendered":"<p>Am fr\u00fchen Abend des 19.04.2024 wurden die Feuerwehren Salzhemmendorf und Lauenstein zu einer \u00d6lspur alarmiert. W\u00e4hrend die Salzhemmendorfer Feuerwehrleute auf der Hemmendorfer Landstra\u00dfe eine rund 40 Meter lange \u00d6lspur beseitigten, &hellip; <a href=\"https:\/\/www.ffw-lauenstein.de\/?p=4923\" class=\"more-link\"><span class=\"screen-reader-text\">\u201eGef\u00e4hrliche \u00d6lspuren auf Kurven auf dem Ith\u201c <\/span>weiterlesen<\/a><\/p>\n","protected":false},"author":4,"featured_media":0,"comment_status":"closed","ping_status":"open","sticky":false,"template":"","format":"standard","meta":{"ngg_post_thumbnail":0,"footnotes":""},"categories":[32],"tags":[],"class_list":["post-4923","post","type-post","status-publish","format-standard","hentry","category-einsaetze-2024"],"_links":{"self":[{"href":"https:\/\/www.ffw-lauenstein.de\/index.php?rest_route=\/wp\/v2\/posts\/4923","targetHints":{"allow":["GET"]}}],"collection":[{"href":"https:\/\/www.ffw-lauenstein.de\/index.php?rest_route=\/wp\/v2\/posts"}],"about":[{"href":"https:\/\/www.ffw-lauenstein.de\/index.php?rest_route=\/wp\/v2\/types\/post"}],"author":[{"embeddable":true,"href":"https:\/\/www.ffw-lauenstein.de\/index.php?rest_route=\/wp\/v2\/users\/4"}],"replies":[{"embeddable":true,"href":"https:\/\/www.ffw-lauenstein.de\/index.php?rest_route=%2Fwp%2Fv2%2Fcomments&post=4923"}],"version-history":[{"count":1,"href":"https:\/\/www.ffw-lauenstein.de\/index.php?rest_route=\/wp\/v2\/posts\/4923\/revisions"}],"predecessor-version":[{"id":4924,"href":"https:\/\/www.ffw-lauenstein.de\/index.php?rest_route=\/wp\/v2\/posts\/4923\/revisions\/4924"}],"wp:attachment":[{"href":"https:\/\/www.ffw-lauenstein.de\/index.php?rest_route=%2Fwp%2Fv2%2Fmedia&parent=4923"}],"wp:term":[{"taxonomy":"category","embeddable":true,"href":"https:\/\/www.ffw-lauenstein.de\/index.php?rest_route=%2Fwp%2Fv2%2Fcategories&post=4923"},{"taxonomy":"post_tag","embeddable":true,"href":"https:\/\/www.ffw-lauenstein.de\/index.php?rest_route=%2Fwp%2Fv2%2Ftags&post=4923"}],"curies":[{"name":"wp","href":"https:\/\/api.w.org\/{rel}","templated":true}]}}