{"id":4996,"date":"2024-05-30T13:22:17","date_gmt":"2024-05-30T11:22:17","guid":{"rendered":"https:\/\/www.ffw-lauenstein.de\/?p=4996"},"modified":"2024-05-30T13:27:23","modified_gmt":"2024-05-30T11:27:23","slug":"feuerwehrfest-zum-100-jaehrigen-bestehen-der-freiwilligen-feuerwehr-lauenstein","status":"publish","type":"post","link":"https:\/\/www.ffw-lauenstein.de\/?p=4996","title":{"rendered":"Feuerwehrfest zum 100-j\u00e4hrigen Bestehen der Freiwilligen Feuerwehr Lauenstein"},"content":{"rendered":"<p>Die Vorbereitungen waren viel. Die Vorfreude auf das Feuerwehrfest zum 100-j\u00e4hrigen Bestehen der Freiwilligen Feuerwehr Lauenstein war umso gr\u00f6\u00dfer. Vor \u00fcber einem Jahr liefen die ersten Planungen zum Jubil\u00e4um. Zwischendurch traf sich der Festausschuss regelm\u00e4\u00dfig, um die vielen Themen f\u00fcr eine sch\u00f6nes Feuerwehrfest zu besprechen. Nicht wie die letzten Jahre davor in Eigenregie, sondern dieses mal mit einem Zeltwirt, der die Kameraden beim Fest unterst\u00fctzen und entlasten soll, war die Idee und wurde umgesetzt. Trotzdem waren die Kameraden ca. 1 Woche vor Festbeginn mit vielen weiteren Aufgaben besch\u00e4ftigt. Zum Einen wurde Gr\u00fcnzeug und viele Gegenst\u00e4nde beschafft. Die Kameradinnen haben sich auch einige Abende zusammengesetzt um die vielen Blau-Roten Girlanden zu basteln. Das Festzelt wurde geschm\u00fcckt und der Festplatz wurde auf Vordermann gebracht. Auch viele B\u00fcrgerinnen und B\u00fcrger Lauensteins haben den Ort f\u00fcr den Festumzug geschm\u00fcckt. Am Freitag den 24.05.2024 war um 18:30 Uhr der Kommers. Viele geladene G\u00e4ste, Feuerwehren aus Nah und Fern, Lauensteiner Vereine und B\u00fcrginnen und B\u00fcrger Lauensteins waren hier anwesend. Besonders hat man sich auf die Partnerfeuerwehr aus Schmerzke (Brandenburg) gefreut, die mit vielen Kameradinnen und Kameraden anwesend war. \u00dcbernachtet haben Sie bei Lauensteiner Feuerwehrleuten. Der Ortsbrandmeister Hubert Brock begr\u00fc\u00dfte die Anwesenden und bedankte sich bei allen f\u00fcr die Gro\u00dfe Unterst\u00fctzung zum Feuerwehrfest. Sein Stellvertreter Jens Brock erz\u00e4hlte einen kurzen R\u00fcckblick der vergangenen Jahre der Freiwilligen Feuerwehr Lauenstein. Im Anschluss haben die G\u00e4ste Ihre Gru\u00dfworte \u00fcbermittelt. Die VGH Markus Schaper \u00fcber gab der Feuerwehr Lauenstein einen mobilen Rauchanschluss. Die Schmerzker Kameraden haben eine selbstgebaute Feuerschale geschenkt. Viele Flachgeschenke und einen Check gab es von den Vereinen und der Volksbank, so wie den anwenden G\u00e4sten. Die Musiker der FFw Wallensen begleiteten den Kommers. Nach dem Kommers machte DJ Tony aus Schmerzke das Festzelt zum Partyzelt. Die Zumba Gruppe vom MTV Lauenstein zeigte ein paar Tanzauff\u00fchrungen und brachte das Zelt noch mehr zum Beben. Am Samstag Vormittag trafen sich die ersten Lauensteiner Kameradinnen und Kameraden zum Aufr\u00e4umen und Vorbereiten. Um 14:00 Uhr wurden viele befreundete Feuerwehren und Vereine empfangen. Anschlie\u00dfend ging der lange Festumzug, mit seinen ca. 350 Teilnehmern, durch Lauenstein. Musikalisch begleitet wurde der Festumzug vom Jugendspielmannszug Lauenstein, dem Musikverein Marienhagen und dem Fanfarenzug Duingen. Bei sonnigem Wetter haben auch viele B\u00fcrgerinnen und B\u00fcrger den Umzug beobachtet und f\u00fcr G\u00e4nsehautmomente gesorgt. Nachmittags hat die Altersabteilung Kaffee und Kuchen organisiert. Am Abend trat dann die Westerntanzgruppe Small Town Line Dancer aus Laatzen f\u00fcr mehrere Auftritte auf. Anschlie\u00dfend hat die Band Relax f\u00fcr super Partystimmung gesorgt. Auch hier war das Festzelt und die Partymeile vorm Zelt mit vielen Besuchern gut gef\u00fcllt. Am Sonntag wurde wieder aufger\u00e4umt und f\u00fcr den Gottesdienst und dem anschlie\u00dfenden Katervesper Vorbereitungen vorgenommen. Die Pastorin hat einen sch\u00f6nen Gottesdienst durchgef\u00fchrt. Das Katervesper mit Essen vom Lauensteiner Naturfreundehaus hat den Teilnehmern auch sehr gut geschmeckt. Der Musikzug D\u00f6rpe sorgte auch hier wieder f\u00fcr gute Stimmung am Vormittag. Im Anschluss haben die Kinder- und Jugendfeuerwehr Ihr Kinderfest aufgebaut. Bei Spielen f\u00fcr jung und alt haben die Kinder viel Spa\u00df gehabt. Weiterhin konnten sich die Besucher beim Kinderkarussell und der Schie\u00dfbude besch\u00e4ftigen. Nach dem Festausklang hie\u00df f\u00fcr die Kameradinnen und Kameraden aufr\u00e4umen. Die letzten Aufr\u00e4umarbeiten wurden am Montagvormittag durchgef\u00fchrt. Am Abend haben sich einige Kameradinnen und Kameraden zum Kartoffelbraten getroffen und viele Geschichten vom vergangen Wochenende erz\u00e4hlt. Ein Dank gilt allen Helfern, Unterst\u00fctzern, Sponsoren, dem Team Zeltwirt Koch, der Security und den Kameradinnen und Kameraden der Freiwilligen Feuerwehr Lauenstein, welche auch teilweise Urlaub genommen haben, um die vielen Vor- und Nachbereitungen durchzuf\u00fchren. Ein Dank gilt auch allen B\u00fcrgerinnen und B\u00fcrgern und unseren Freunden aus Nah und Fern, die das Fest gut besucht haben und f\u00fcr eine geile Stimmung gesorgt haben.<\/p>\n","protected":false},"excerpt":{"rendered":"<p>Die Vorbereitungen waren viel. Die Vorfreude auf das Feuerwehrfest zum 100-j\u00e4hrigen Bestehen der Freiwilligen Feuerwehr Lauenstein war umso gr\u00f6\u00dfer. Vor \u00fcber einem Jahr liefen die ersten Planungen zum Jubil\u00e4um. Zwischendurch &hellip; <a href=\"https:\/\/www.ffw-lauenstein.de\/?p=4996\" class=\"more-link\"><span class=\"screen-reader-text\">\u201eFeuerwehrfest zum 100-j\u00e4hrigen Bestehen der Freiwilligen Feuerwehr Lauenstein\u201c <\/span>weiterlesen<\/a><\/p>\n","protected":false},"author":4,"featured_media":0,"comment_status":"closed","ping_status":"open","sticky":false,"template":"","format":"standard","meta":{"ngg_post_thumbnail":0,"footnotes":""},"categories":[17],"tags":[],"class_list":["post-4996","post","type-post","status-publish","format-standard","hentry","category-aktuelles"],"_links":{"self":[{"href":"https:\/\/www.ffw-lauenstein.de\/index.php?rest_route=\/wp\/v2\/posts\/4996","targetHints":{"allow":["GET"]}}],"collection":[{"href":"https:\/\/www.ffw-lauenstein.de\/index.php?rest_route=\/wp\/v2\/posts"}],"about":[{"href":"https:\/\/www.ffw-lauenstein.de\/index.php?rest_route=\/wp\/v2\/types\/post"}],"author":[{"embeddable":true,"href":"https:\/\/www.ffw-lauenstein.de\/index.php?rest_route=\/wp\/v2\/users\/4"}],"replies":[{"embeddable":true,"href":"https:\/\/www.ffw-lauenstein.de\/index.php?rest_route=%2Fwp%2Fv2%2Fcomments&post=4996"}],"version-history":[{"count":3,"href":"https:\/\/www.ffw-lauenstein.de\/index.php?rest_route=\/wp\/v2\/posts\/4996\/revisions"}],"predecessor-version":[{"id":4999,"href":"https:\/\/www.ffw-lauenstein.de\/index.php?rest_route=\/wp\/v2\/posts\/4996\/revisions\/4999"}],"wp:attachment":[{"href":"https:\/\/www.ffw-lauenstein.de\/index.php?rest_route=%2Fwp%2Fv2%2Fmedia&parent=4996"}],"wp:term":[{"taxonomy":"category","embeddable":true,"href":"https:\/\/www.ffw-lauenstein.de\/index.php?rest_route=%2Fwp%2Fv2%2Fcategories&post=4996"},{"taxonomy":"post_tag","embeddable":true,"href":"https:\/\/www.ffw-lauenstein.de\/index.php?rest_route=%2Fwp%2Fv2%2Ftags&post=4996"}],"curies":[{"name":"wp","href":"https:\/\/api.w.org\/{rel}","templated":true}]}}