{"id":5001,"date":"2024-06-24T10:52:07","date_gmt":"2024-06-24T08:52:07","guid":{"rendered":"https:\/\/www.ffw-lauenstein.de\/?p=5001"},"modified":"2024-06-24T10:53:06","modified_gmt":"2024-06-24T08:53:06","slug":"zuguebung-in-thueste","status":"publish","type":"post","link":"https:\/\/www.ffw-lauenstein.de\/?p=5001","title":{"rendered":"Zug\u00fcbung in Th\u00fcste"},"content":{"rendered":"<p>Am Freitag, den 14.06.2024, haben der 1. und 3. Fachzug der Kreisfeuerwehrbereitschaft-Ost, gemeinsam mit der Ortsfeuerwehr Wallensen, eine \u00dcbung durchgef\u00fchrt. Angenommen wurde ein Waldbrand oberhalb von Th\u00fcste. W\u00e4hrend der 1. Fachzug im Pendelverkehr das L\u00f6schwasser mit Tankl\u00f6schfahrzeugen&nbsp; von Th\u00fcste aus an die Einsatzstelle bef\u00f6rderte, richtete der 3.Fachzug an der Th\u00fcster Beeke eine Wasserentnahmestelle her und verlegte \u00fcber eine Strecke von rund zwei Kilometern, 100 B-Schl\u00e4uche, bis zur Einsatzstelle. Insgesamt waren sechs Pumpen auf der Strecke verteilt, die notwendig waren, um den ben\u00f6tigten Wasserdruck an die Einsatzstelle zu bekommen. Die Freiwilligen der Feuerwehr Wallensen \u00fcbernahmen schlie\u00dflich die Brandbek\u00e4mpfung. Nach rund zwei Stunden schwei\u00dftreibender Arbeit wurde vom Einsatzleiter \u00fcber Funk \u201e\u00dcbungsende\u201c durchgegeben. Die Abschlussbesprechung fand anschlie\u00dfend am Gemeinschaftsfeuerwehrhaus in Th\u00fcste statt wo der Wallensener Ortsbrandmeister Jens Roloff bereits die ersten W\u00fcrstchen und Schinkengriller auf die Roste gelegt hatte. Die beiden Zugf\u00fchrer Sebastian Herr (1. Zug) und Jens Brock (3. Zug) zeigten sich sehr zufrieden mit der Leistung und Zusammenarbeit der rund 70 Einsatzkr\u00e4fte und bedankten sich bei den Ehrenamtlichen f\u00fcr ihre Leistung. Mit vielen Gespr\u00e4chen bei Kaltgetr\u00e4nken und Gegrillten, fand der Abend schlie\u00dflich einen gem\u00fctlichen Ausklang.&nbsp; <a href=\"https:\/\/gf-salzhemmendorf.de\/de\/einsaetze\/einsatz-detail\/?tx_operations_list%5Boperation%5D=404&amp;tx_operations_list%5Baction%5D=show&amp;tx_operations_list%5Bcontroller%5D=Operation&amp;cHash=09470fbdbc83494719df18042b5af612\">Einsatz-Detail | Retten, L\u00f6schen, Bergen, Sch\u00fctzen (gf-salzhemmendorf.de)<\/a> Bericht Gemeindefeuerwehr Salzhemmendorf<\/p>\n","protected":false},"excerpt":{"rendered":"<p>Am Freitag, den 14.06.2024, haben der 1. und 3. Fachzug der Kreisfeuerwehrbereitschaft-Ost, gemeinsam mit der Ortsfeuerwehr Wallensen, eine \u00dcbung durchgef\u00fchrt. Angenommen wurde ein Waldbrand oberhalb von Th\u00fcste. W\u00e4hrend der 1. &hellip; <a href=\"https:\/\/www.ffw-lauenstein.de\/?p=5001\" class=\"more-link\"><span class=\"screen-reader-text\">\u201eZug\u00fcbung in Th\u00fcste\u201c <\/span>weiterlesen<\/a><\/p>\n","protected":false},"author":4,"featured_media":0,"comment_status":"closed","ping_status":"open","sticky":false,"template":"","format":"standard","meta":{"ngg_post_thumbnail":0,"footnotes":""},"categories":[17],"tags":[],"class_list":["post-5001","post","type-post","status-publish","format-standard","hentry","category-aktuelles"],"_links":{"self":[{"href":"https:\/\/www.ffw-lauenstein.de\/index.php?rest_route=\/wp\/v2\/posts\/5001","targetHints":{"allow":["GET"]}}],"collection":[{"href":"https:\/\/www.ffw-lauenstein.de\/index.php?rest_route=\/wp\/v2\/posts"}],"about":[{"href":"https:\/\/www.ffw-lauenstein.de\/index.php?rest_route=\/wp\/v2\/types\/post"}],"author":[{"embeddable":true,"href":"https:\/\/www.ffw-lauenstein.de\/index.php?rest_route=\/wp\/v2\/users\/4"}],"replies":[{"embeddable":true,"href":"https:\/\/www.ffw-lauenstein.de\/index.php?rest_route=%2Fwp%2Fv2%2Fcomments&post=5001"}],"version-history":[{"count":3,"href":"https:\/\/www.ffw-lauenstein.de\/index.php?rest_route=\/wp\/v2\/posts\/5001\/revisions"}],"predecessor-version":[{"id":5004,"href":"https:\/\/www.ffw-lauenstein.de\/index.php?rest_route=\/wp\/v2\/posts\/5001\/revisions\/5004"}],"wp:attachment":[{"href":"https:\/\/www.ffw-lauenstein.de\/index.php?rest_route=%2Fwp%2Fv2%2Fmedia&parent=5001"}],"wp:term":[{"taxonomy":"category","embeddable":true,"href":"https:\/\/www.ffw-lauenstein.de\/index.php?rest_route=%2Fwp%2Fv2%2Fcategories&post=5001"},{"taxonomy":"post_tag","embeddable":true,"href":"https:\/\/www.ffw-lauenstein.de\/index.php?rest_route=%2Fwp%2Fv2%2Ftags&post=5001"}],"curies":[{"name":"wp","href":"https:\/\/api.w.org\/{rel}","templated":true}]}}