{"id":5006,"date":"2024-07-01T20:19:38","date_gmt":"2024-07-01T18:19:38","guid":{"rendered":"https:\/\/www.ffw-lauenstein.de\/?p=5006"},"modified":"2024-07-01T20:19:38","modified_gmt":"2024-07-01T18:19:38","slug":"die-loeschtiger-waren-kinderfeuerwehrzeltlager-dabei","status":"publish","type":"post","link":"https:\/\/www.ffw-lauenstein.de\/?p=5006","title":{"rendered":"Die L\u00f6schtiger waren Kinderfeuerwehrzeltlager dabei"},"content":{"rendered":"<div class=\"xdj266r x11i5rnm xat24cr x1mh8g0r x1vvkbs x126k92a\">\n<div dir=\"auto\">Nach 5 Jahren war es endlich wieder soweit.<span class=\"html-span xexx8yu x4uap5 x18d9i69 xkhd6sd x1hl2dhg x16tdsg8 x1vvkbs x3nfvp2 x1j61x8r x1fcty0u xdj266r xat24cr xgzva0m xhhsvwb xxymvpz xlup9mm x1kky2od\"><img loading=\"lazy\" decoding=\"async\" class=\"xz74otr\" src=\"https:\/\/static.xx.fbcdn.net\/images\/emoji.php\/v9\/t6d\/1\/16\/1f973.png\" alt=\"\" width=\"16\" height=\"16\"><\/span> Am Freitag, den 14.06.2024, ging es ins 3. Kreiszeltlager der Kinderfeuerwehren Hameln-Pyrmont nach Bad Pyrmont.<\/div>\n<div dir=\"auto\">Auf dem Zeltplatz angekommen, haben wir zuerst unser Zelt bezogen, das am Vortag bereits von unserer Einsatzabteilung aufgebaut und mit Feldbetten vorbereitet wurde. Im Anschluss wurde erstmal das Zeltlager erkundet. <span class=\"html-span xexx8yu x4uap5 x18d9i69 xkhd6sd x1hl2dhg x16tdsg8 x1vvkbs x3nfvp2 x1j61x8r x1fcty0u xdj266r xat24cr xgzva0m xhhsvwb xxymvpz xlup9mm x1kky2od\"><img loading=\"lazy\" decoding=\"async\" class=\"xz74otr\" src=\"https:\/\/static.xx.fbcdn.net\/images\/emoji.php\/v9\/ta8\/1\/16\/26fa.png\" alt=\"\u26fa\ufe0f\" width=\"16\" height=\"16\"><\/span><\/div>\n<div dir=\"auto\">Nach dem gemeinsamen Abendessen ging es f\u00fcr uns zur Blaulichtmeile, wo wir Fahrzeuge wie die Drehleiter, einen RTW und ein Fahrzeug vom THW genauer begutachten konnten. Ein sehr interessanter Einblick in die Fahrzeuge. <span class=\"html-span xexx8yu x4uap5 x18d9i69 xkhd6sd x1hl2dhg x16tdsg8 x1vvkbs x3nfvp2 x1j61x8r x1fcty0u xdj266r xat24cr xgzva0m xhhsvwb xxymvpz xlup9mm x1kky2od\"><img loading=\"lazy\" decoding=\"async\" class=\"xz74otr\" src=\"https:\/\/static.xx.fbcdn.net\/images\/emoji.php\/v9\/t58\/1\/16\/1f929.png\" alt=\"\" width=\"16\" height=\"16\"><\/span><\/div>\n<\/div>\n<div class=\"x11i5rnm xat24cr x1mh8g0r x1vvkbs xtlvy1s x126k92a\">\n<div dir=\"auto\">Der zweite Tag begann f\u00fcr uns um 7 Uhr .<\/div>\n<div dir=\"auto\">Nach dem Fr\u00fchst\u00fcck stand Brennball auf dem Programm, wo wir ins ganz gut durchsetzen konnten. Am Nachmittag ging es weiter mit einer Rallye durch den Kurpark Bad Pyrmont, wo wir verschiedene Sehensw\u00fcrdigkeiten suchen mussten. Die Rallye haben wir mit einem gemeinsamen Eis ausklingen lassen.<span class=\"html-span xexx8yu x4uap5 x18d9i69 xkhd6sd x1hl2dhg x16tdsg8 x1vvkbs x3nfvp2 x1j61x8r x1fcty0u xdj266r xat24cr xgzva0m xhhsvwb xxymvpz xlup9mm x1kky2od\"><img loading=\"lazy\" decoding=\"async\" class=\"xz74otr\" src=\"https:\/\/static.xx.fbcdn.net\/images\/emoji.php\/v9\/tcb\/1\/16\/1f366.png\" alt=\"\" width=\"16\" height=\"16\"><\/span><\/div>\n<div dir=\"auto\">Am letzten Abend fand nat\u00fcrlich traditionell ein Discoabend statt, an dem wir nochmal mit allen anderen Kindern tanzen, lachen und Spa\u00df haben konnten.<\/div>\n<\/div>\n<div class=\"x11i5rnm xat24cr x1mh8g0r x1vvkbs xtlvy1s x126k92a\">\n<div dir=\"auto\">Am letzten Morgen, fand die Nachtruhe ein abruptes Ende, als p\u00fcnktlich um 7 Uhr zum Wecken Autos mit Martinshorn \u00fcber den Platz fuhren. Nat\u00fcrlich waren wir dann alle wach <span class=\"html-span xexx8yu x4uap5 x18d9i69 xkhd6sd x1hl2dhg x16tdsg8 x1vvkbs x3nfvp2 x1j61x8r x1fcty0u xdj266r xat24cr xgzva0m xhhsvwb xxymvpz xlup9mm x1kky2od\"><img loading=\"lazy\" decoding=\"async\" class=\"xz74otr\" src=\"https:\/\/static.xx.fbcdn.net\/images\/emoji.php\/v9\/t53\/1\/16\/1f605.png\" alt=\"\" width=\"16\" height=\"16\"><\/span>Nach dem Fr\u00fchst\u00fcck wurden schon unsere Sachen gepackt und alles zur Abreise vorbereitet.<\/div>\n<div dir=\"auto\">Vor der Abreise stand uns die Siegerehrung bevor, von allen Spielen und der Rallye die auf dem Zeltlager absolviert wurden.<\/div>\n<div dir=\"auto\">Am Ende konnten wir den 3. Platz belegen! <span class=\"html-span xexx8yu x4uap5 x18d9i69 xkhd6sd x1hl2dhg x16tdsg8 x1vvkbs x3nfvp2 x1j61x8r x1fcty0u xdj266r xat24cr xgzva0m xhhsvwb xxymvpz xlup9mm x1kky2od\"><img loading=\"lazy\" decoding=\"async\" class=\"xz74otr\" src=\"https:\/\/static.xx.fbcdn.net\/images\/emoji.php\/v9\/t96\/1\/16\/1f949.png\" alt=\"\" width=\"16\" height=\"16\"><\/span>Mit dem dem Pokal ging es nun wieder Richtung Heimat.<\/div>\n<\/div>\n<div class=\"x11i5rnm xat24cr x1mh8g0r x1vvkbs xtlvy1s x126k92a\">\n<div dir=\"auto\">Es war ein tolles, lustiges und spannendes Zeltlager was wir so schnell nicht vergessen werden.<\/div>\n<div dir=\"auto\">Wir hatten viel Spa\u00df und sind nat\u00fcrlich in 3 Jahren wieder dabei<\/div>\n<\/div>\n","protected":false},"excerpt":{"rendered":"<p>Nach 5 Jahren war es endlich wieder soweit. Am Freitag, den 14.06.2024, ging es ins 3. Kreiszeltlager der Kinderfeuerwehren Hameln-Pyrmont nach Bad Pyrmont. Auf dem Zeltplatz angekommen, haben wir zuerst &hellip; <a href=\"https:\/\/www.ffw-lauenstein.de\/?p=5006\" class=\"more-link\"><span class=\"screen-reader-text\">\u201eDie L\u00f6schtiger waren Kinderfeuerwehrzeltlager dabei\u201c <\/span>weiterlesen<\/a><\/p>\n","protected":false},"author":4,"featured_media":0,"comment_status":"closed","ping_status":"open","sticky":false,"template":"","format":"standard","meta":{"ngg_post_thumbnail":0,"footnotes":""},"categories":[17],"tags":[],"class_list":["post-5006","post","type-post","status-publish","format-standard","hentry","category-aktuelles"],"_links":{"self":[{"href":"https:\/\/www.ffw-lauenstein.de\/index.php?rest_route=\/wp\/v2\/posts\/5006","targetHints":{"allow":["GET"]}}],"collection":[{"href":"https:\/\/www.ffw-lauenstein.de\/index.php?rest_route=\/wp\/v2\/posts"}],"about":[{"href":"https:\/\/www.ffw-lauenstein.de\/index.php?rest_route=\/wp\/v2\/types\/post"}],"author":[{"embeddable":true,"href":"https:\/\/www.ffw-lauenstein.de\/index.php?rest_route=\/wp\/v2\/users\/4"}],"replies":[{"embeddable":true,"href":"https:\/\/www.ffw-lauenstein.de\/index.php?rest_route=%2Fwp%2Fv2%2Fcomments&post=5006"}],"version-history":[{"count":1,"href":"https:\/\/www.ffw-lauenstein.de\/index.php?rest_route=\/wp\/v2\/posts\/5006\/revisions"}],"predecessor-version":[{"id":5007,"href":"https:\/\/www.ffw-lauenstein.de\/index.php?rest_route=\/wp\/v2\/posts\/5006\/revisions\/5007"}],"wp:attachment":[{"href":"https:\/\/www.ffw-lauenstein.de\/index.php?rest_route=%2Fwp%2Fv2%2Fmedia&parent=5006"}],"wp:term":[{"taxonomy":"category","embeddable":true,"href":"https:\/\/www.ffw-lauenstein.de\/index.php?rest_route=%2Fwp%2Fv2%2Fcategories&post=5006"},{"taxonomy":"post_tag","embeddable":true,"href":"https:\/\/www.ffw-lauenstein.de\/index.php?rest_route=%2Fwp%2Fv2%2Ftags&post=5006"}],"curies":[{"name":"wp","href":"https:\/\/api.w.org\/{rel}","templated":true}]}}