{"id":5062,"date":"2024-10-24T12:56:20","date_gmt":"2024-10-24T10:56:20","guid":{"rendered":"https:\/\/www.ffw-lauenstein.de\/?p=5062"},"modified":"2024-10-24T12:56:20","modified_gmt":"2024-10-24T10:56:20","slug":"atemschutzuebung-in-der-mehrzweckhalle-lauenstein","status":"publish","type":"post","link":"https:\/\/www.ffw-lauenstein.de\/?p=5062","title":{"rendered":"Atemschutz\u00fcbung in der Mehrzweckhalle Lauenstein"},"content":{"rendered":"<p>Am&nbsp; Samstag den 12.10.2024 luden der Gemeinde-Atemschutzbeauftragte Markus Hasenwinkel und Bernd Hoffmann alle Atemschutzger\u00e4tetr\u00e4ger aus den Ortsfeuerwehren unserer Gemeinde zu einem gemeinsamen \u00dcbungsdienst in die Mehrzweckhalle nach Lauenstein ein. Neben Kondition und Fitness wurde auch das Funken unter Atemschutz trainiert, sowie das Setzen eines Rauchverschlusses. Nach dem schwei\u00dftreibenden \u00dcbungsdienst sorgten Feuerwehrleute aus Lauenstein und Hemmendorf f\u00fcr das leibliche Wohl der Atemschutzger\u00e4tetr\u00e4ger.<\/p>\n<p>https:\/\/gf-salzhemmendorf.de\/de\/einsaetze\/einsatz-detail\/?tx_operations_list%5Boperation%5D=432&#038;tx_operations_list%5Baction%5D=show&#038;tx_operations_list%5Bcontroller%5D=Operation&#038;cHash=e88e0027a04d0da98b12f87b6072b2bc<\/p>\n","protected":false},"excerpt":{"rendered":"<p>Am&nbsp; Samstag den 12.10.2024 luden der Gemeinde-Atemschutzbeauftragte Markus Hasenwinkel und Bernd Hoffmann alle Atemschutzger\u00e4tetr\u00e4ger aus den Ortsfeuerwehren unserer Gemeinde zu einem gemeinsamen \u00dcbungsdienst in die Mehrzweckhalle nach Lauenstein ein. Neben &hellip; <a href=\"https:\/\/www.ffw-lauenstein.de\/?p=5062\" class=\"more-link\"><span class=\"screen-reader-text\">\u201eAtemschutz\u00fcbung in der Mehrzweckhalle Lauenstein\u201c <\/span>weiterlesen<\/a><\/p>\n","protected":false},"author":4,"featured_media":0,"comment_status":"closed","ping_status":"open","sticky":false,"template":"","format":"standard","meta":{"ngg_post_thumbnail":0,"footnotes":""},"categories":[13],"tags":[],"class_list":["post-5062","post","type-post","status-publish","format-standard","hentry","category-sonstiges"],"_links":{"self":[{"href":"https:\/\/www.ffw-lauenstein.de\/index.php?rest_route=\/wp\/v2\/posts\/5062","targetHints":{"allow":["GET"]}}],"collection":[{"href":"https:\/\/www.ffw-lauenstein.de\/index.php?rest_route=\/wp\/v2\/posts"}],"about":[{"href":"https:\/\/www.ffw-lauenstein.de\/index.php?rest_route=\/wp\/v2\/types\/post"}],"author":[{"embeddable":true,"href":"https:\/\/www.ffw-lauenstein.de\/index.php?rest_route=\/wp\/v2\/users\/4"}],"replies":[{"embeddable":true,"href":"https:\/\/www.ffw-lauenstein.de\/index.php?rest_route=%2Fwp%2Fv2%2Fcomments&post=5062"}],"version-history":[{"count":1,"href":"https:\/\/www.ffw-lauenstein.de\/index.php?rest_route=\/wp\/v2\/posts\/5062\/revisions"}],"predecessor-version":[{"id":5063,"href":"https:\/\/www.ffw-lauenstein.de\/index.php?rest_route=\/wp\/v2\/posts\/5062\/revisions\/5063"}],"wp:attachment":[{"href":"https:\/\/www.ffw-lauenstein.de\/index.php?rest_route=%2Fwp%2Fv2%2Fmedia&parent=5062"}],"wp:term":[{"taxonomy":"category","embeddable":true,"href":"https:\/\/www.ffw-lauenstein.de\/index.php?rest_route=%2Fwp%2Fv2%2Fcategories&post=5062"},{"taxonomy":"post_tag","embeddable":true,"href":"https:\/\/www.ffw-lauenstein.de\/index.php?rest_route=%2Fwp%2Fv2%2Ftags&post=5062"}],"curies":[{"name":"wp","href":"https:\/\/api.w.org\/{rel}","templated":true}]}}