{"id":5080,"date":"2024-11-28T14:46:01","date_gmt":"2024-11-28T12:46:01","guid":{"rendered":"https:\/\/www.ffw-lauenstein.de\/?p=5080"},"modified":"2024-11-28T14:48:21","modified_gmt":"2024-11-28T12:48:21","slug":"alarmuebung-in-oldendorf","status":"publish","type":"post","link":"https:\/\/www.ffw-lauenstein.de\/?p=5080","title":{"rendered":"Alarm\u00fcbung in Oldendorf"},"content":{"rendered":"<p>\u00dcber Wochen hat der Pressesprecher der Gemeindefeuerwehr Salzhemmendorf Tobias Kramer eine st\u00fctzpunkt\u00fcbergreifende \u00dcbung ausgearbeitet. Dank der <a href=\"https:\/\/www.facebook.com\/Transportkontor?__cft__[0]=AZWg_B_VS0euShIx-M1u0GzetH9NZbPlZn0z5qQ9czcyvdSNseWPA5NMlDmbnnJcggsuEuZdjzputQ2WyDOr2XuCbhPRqH0KrAxK-IZlkZI3henqnfPbvd6uEKf9EIAj_0Bv7deVgCsAHRKf00ZB5UGYNa0IH3k0Sj1xQTGjuP_Fcdw2N3GGR2rtxrnsWu-Nnu8&amp;__tn__=-]K-R\" target=\"_blank\" rel=\"noopener\">TKN Transport-Kontor GmbH in Niedersachsen<\/a> die ihre Lagerhallen, einen 40 Tonnen Sattelzug, Gabelstapler und Mittarbeiter als Statisten zur Verf\u00fcgung stellte, konnte am vergangenen Samstag ein realistisches und f\u00fcr die Einsatzkr\u00e4fte herausforderndes \u00dcbungsszenario geschaffen werden. Am 16.11.2024 gegen 08:05 Uhr heulten in den Ortschaften Benstorf, Oldendorf, Osterwald, Hemmendorf, Salzhemmendorf, Wallensen Ockensen und Levedagsen die Sirenen und die Funkmeldeempf\u00e4nger piepten. Auch Teile des ABC-Zuges die zu der Hygienekomponente geh\u00f6ren, sowie der Ger\u00e4tewagen- Atemschutz von der feuerwehrtechnischen Zentrale in Kirchohsen machten sich auf den Weg zum Kornspeicher in Oldendorf. Beim Eintreffen der ersten Feuerwehrkr\u00e4fte stellte sich die folgende \u00dcbungslage f\u00fcr sie da:<\/p>\n<p>\u201eMitarbeiter der Spedition wollten in einer Verladestra\u00dfe einen Lkw mit Ware beladen. Aufgrund eines technischen Defekts fing ein Elektro-Gabelstapler Feuer. Ein Teil der Mitarbeiter floh ins Freie, der Lkw Fahrer blieb und wollte sein Gespann noch aus dem Geb\u00e4ude fahren. Da der Fahrer jedoch bereits giftige Rauchgase eingeatmet hatte, schaffte er es zwar noch den Lkw zu starten, brach dann aber bewusstlos hinter dem Steuer zusammen. Ein weiterer Arbeiter der in der Halle verblieb und noch die T\u00fcren des Aufliegers schlie\u00dfen wollte, geriet durch das kurze anfahren des Lkws unter den Auflieger und wurde unter einem Reifen eingeklemmt. Ein dritter Arbeiter wollte noch einen fabrikneuen Gabelstapler, der in der \u00fcber 160 Meter langen Verladestra\u00dfe stand retten, wurde jedoch ebenfalls durch das einatmen des Rauchgases bewusstlos und brach zusammen. Auch die Lagerhalle, welche durch eine Brandschutzmauer zur Verladestra\u00dfe abgegrenzt ist und in der fiktiv Industriepappe lagerte, stand mittlerweile im Vollbrand\u201c.<\/p>\n<p>So mussten die \u00fcber 120 Feuerwehrfrauen und Feuerwehrm\u00e4nner neben der Menschenrettung, auch die Brandbek\u00e4mpfung bew\u00e4ltigen. In Windeseile wurden mehre Wasserentnahmestellen hergerichtet um schlie\u00dflich aus sieben Strahlrohren Wassermarsch zugegeben, um das simulierte Feuer zu bek\u00e4mpfen. Unter mentaler H\u00f6chstleistung mussten die Atemschutzger\u00e4tetr\u00e4ger den Fahrer aus seinem F\u00fchrerhaus retten und den Auflieger mittels Hebekissen und Keilen anheben, um den eingeklemmten Arbeiter zu befreien. Da die Verladestra\u00dfe f\u00fcr eine realistische Darstellung komplett mit Disconebel verraucht wurde, mussten sich weitere Atemschutzger\u00e4tetr\u00e4ger in der 160 Meter langen Verladestra\u00dfe vortasten, um auch den dritten Arbeiter zu finden und zu retten, bzw. zu bergen. Aufgrund der k\u00f6rperlichen Belastung wurde die Feuerwehr Lauenstein nachalarmiert, die mit weiteren Atemschutzger\u00e4tetr\u00e4gern unterst\u00fctzte. Diese haben bei der Personenrettung, welche unter einem LKW war, geholfen. Am Ende der \u00dcbung zeigten sich der Gemeindebrandmeister Rolf Schmidt sowie seine beiden Stellvertreter Thomas H\u00f6lscher und Jens Roloff sehr zufrieden. Auch Mitglieder des Feuerschutzausschusses, die sich die \u00dcbung angesehen hatten, zeigten sich beeindruckt. Durch diese \u00dcbung konnten die Einsatzkr\u00e4ften und die F\u00fchrung viele neue Erkenntnisse erlangen die in einer Nachbesprechung im kleinen Kreis noch einmal thematisiert werden. Die Spedition TKN bietet den Feuerwehren in der Gemeinde auch weiterhin an, gemeinsame \u00dcbungsabende zu gestallten, in denen man speziell das Thema \u201eLkw\u201c in den Fokus r\u00fcckt. Vielen Dank f\u00fcr das Angebot, welches die Gemeindefeuerwehr dankend annimmt. Ein gro\u00dfer Dank geht auch an die Firma Rieke, die uns das Gel\u00e4nde zur Verf\u00fcgung gestellt hat. Und nat\u00fcrlich ein gro\u00dfes Dankesch\u00f6n an <a href=\"https:\/\/www.facebook.com\/Transportkontor?__cft__[0]=AZWg_B_VS0euShIx-M1u0GzetH9NZbPlZn0z5qQ9czcyvdSNseWPA5NMlDmbnnJcggsuEuZdjzputQ2WyDOr2XuCbhPRqH0KrAxK-IZlkZI3henqnfPbvd6uEKf9EIAj_0Bv7deVgCsAHRKf00ZB5UGYNa0IH3k0Sj1xQTGjuP_Fcdw2N3GGR2rtxrnsWu-Nnu8&amp;__tn__=-]K-R\" target=\"_blank\" rel=\"noopener\">TKN Transport-Kontor GmbH in Niedersachsen<\/a>, ohne die diese \u00dcbung in dieser Form nicht h\u00e4tte stattfinden k\u00f6nnen.<\/p>\n<p>https:\/\/gf-salzhemmendorf.de\/de\/einsaetze\/einsatz-detail\/?tx_operations_list%5Boperation%5D=445&#038;tx_operations_list%5Baction%5D=show&#038;tx_operations_list%5Bcontroller%5D=Operation&#038;cHash=459a65add9cc1dda9ea24ed835de063a<\/p>\n","protected":false},"excerpt":{"rendered":"<p>\u00dcber Wochen hat der Pressesprecher der Gemeindefeuerwehr Salzhemmendorf Tobias Kramer eine st\u00fctzpunkt\u00fcbergreifende \u00dcbung ausgearbeitet. Dank der TKN Transport-Kontor GmbH in Niedersachsen die ihre Lagerhallen, einen 40 Tonnen Sattelzug, Gabelstapler und &hellip; <a href=\"https:\/\/www.ffw-lauenstein.de\/?p=5080\" class=\"more-link\"><span class=\"screen-reader-text\">\u201eAlarm\u00fcbung in Oldendorf\u201c <\/span>weiterlesen<\/a><\/p>\n","protected":false},"author":4,"featured_media":0,"comment_status":"closed","ping_status":"open","sticky":false,"template":"","format":"standard","meta":{"ngg_post_thumbnail":0,"footnotes":""},"categories":[13,1],"tags":[],"class_list":["post-5080","post","type-post","status-publish","format-standard","hentry","category-sonstiges","category-veranstaltungen"],"_links":{"self":[{"href":"https:\/\/www.ffw-lauenstein.de\/index.php?rest_route=\/wp\/v2\/posts\/5080","targetHints":{"allow":["GET"]}}],"collection":[{"href":"https:\/\/www.ffw-lauenstein.de\/index.php?rest_route=\/wp\/v2\/posts"}],"about":[{"href":"https:\/\/www.ffw-lauenstein.de\/index.php?rest_route=\/wp\/v2\/types\/post"}],"author":[{"embeddable":true,"href":"https:\/\/www.ffw-lauenstein.de\/index.php?rest_route=\/wp\/v2\/users\/4"}],"replies":[{"embeddable":true,"href":"https:\/\/www.ffw-lauenstein.de\/index.php?rest_route=%2Fwp%2Fv2%2Fcomments&post=5080"}],"version-history":[{"count":3,"href":"https:\/\/www.ffw-lauenstein.de\/index.php?rest_route=\/wp\/v2\/posts\/5080\/revisions"}],"predecessor-version":[{"id":5083,"href":"https:\/\/www.ffw-lauenstein.de\/index.php?rest_route=\/wp\/v2\/posts\/5080\/revisions\/5083"}],"wp:attachment":[{"href":"https:\/\/www.ffw-lauenstein.de\/index.php?rest_route=%2Fwp%2Fv2%2Fmedia&parent=5080"}],"wp:term":[{"taxonomy":"category","embeddable":true,"href":"https:\/\/www.ffw-lauenstein.de\/index.php?rest_route=%2Fwp%2Fv2%2Fcategories&post=5080"},{"taxonomy":"post_tag","embeddable":true,"href":"https:\/\/www.ffw-lauenstein.de\/index.php?rest_route=%2Fwp%2Fv2%2Ftags&post=5080"}],"curies":[{"name":"wp","href":"https:\/\/api.w.org\/{rel}","templated":true}]}}