{"id":5132,"date":"2025-01-30T21:30:19","date_gmt":"2025-01-30T19:30:19","guid":{"rendered":"https:\/\/www.ffw-lauenstein.de\/?p=5132"},"modified":"2025-01-30T21:30:19","modified_gmt":"2025-01-30T19:30:19","slug":"jahreshauptversammlung-freiwillige-feuerwehr-lauenstein","status":"publish","type":"post","link":"https:\/\/www.ffw-lauenstein.de\/?p=5132","title":{"rendered":"Jahreshauptversammlung Freiwillige Feuerwehr Lauenstein"},"content":{"rendered":"<p>Eine sehr emotionale Jahreshauptversammlung der Freiwilligen Feuerwehr Lauenstein fand am&nbsp; Samstag, den 24.01.2025, in der Lauensteiner Mehrzweckhalle statt. Nach den Begr\u00fc\u00dfungsworten vom Ortsbrandmeister Hubert Brock, berichtete der stellvertretende Ortsbrandmeister Jens Brock von den Ereignissen im vergangenen Jahr. Insgesamt mussten die 39 aktiven Brandsch\u00fctzer zu 26 Eins\u00e4tzen ausr\u00fccken. Vierzehn Kameradinnen und Kameraden nahmen im vergangenen Jahr an unterschiedlichen Lehrg\u00e4ngen teil. Ein Absolutes Highlight war f\u00fcr die Ortsfeuerwehr nat\u00fcrlich ihre Feier zum 100-j\u00e4hrigen Geburtstag, welches ein voller Erfolg wurde. Auch der Jugendspielmannszug konnte von einem arbeitsreichen Jahr berichten. So konnten die 32 Mitglieder neben den vielen \u00dcbungsdiensten \u00fcber elf Auftritte verzeichnen. Nachwuchsprobleme gibt es momentan leider bei der Jugendfeuerwehr, hier halten aktuell noch insgesamt f\u00fcnf M\u00e4dchen und Jungen zur Stange. Doch mit \u00fcber 1297 Dienststunden war es auch f\u00fcr sie ein arbeitsreiches Jahr. Die Kinderfeuerwehr, mit ihren sieben Nachwuchsbrandsch\u00fctzern, kam ebenfalls auf stolze 555 Dienststunden. Insgesamt siebenmal trafen sich die acht Mitglieder der Altersabteilung zu Diensten. Die neun Feuerwehrleute des Strahlensp\u00fcr- und Messwagen r\u00fcckten im vergangenen Jahr zu einer Alarm\u00fcbung aus und investierten \u00fcber 283 Dienststunden in die Aus- und Weiterbildung. Aus beruflichen Gr\u00fcnden musste Lucas Ulbrich sein Amt als Jugendwart leider niederlegen. Hier wird Alina Cichy zuk\u00fcnftig die Jugendarbeit weiterf\u00fchren. Zum Abschied \u00fcberreichten die Kids der Jugendfeuerwehr ihren ausgeschiedenen Jugendwart noch ein kleines Geschenk, als Dankesch\u00f6n f\u00fcr seine super Arbeit die Lucas \u00fcber f\u00fcnf Jahre geleistet hat. Auch Ehrungen und Bef\u00f6rderungen standen an dem Abend an. So wurden Dana Winter und Corina Sch\u00fctze zu Feuerwehrfrauen, sowie Jan-Luca Carmosin, Janes Hoffmann, Kym-Kilian Sander zu Feuerwehrm\u00e4nnern bef\u00f6rdert. Alexandra W\u00f6hler, Lukas Keilhoff, Mika Schuler und Michael Sch\u00fctze wurden zur Oberfeuerwehrfrau beziehungsweise zum Oberfeuerwehrmann bef\u00f6rdert. Christiane Strasser wurde mit dem Feuerwehrehrenzeichen f\u00fcr 25-j\u00e4hrige Verdienste in der Freiwilligen Feuerwehr geehrt, Matthias Kutz erhielt diese Auszeichnung f\u00fcr 40 Jahre. Mit der Ehrennadel des Landes-Feuerwehrverbandes Niedersachen wurde der erste Hauptfeuerwehrmann J\u00f6rg W\u00f6hler geehrt. Christiane Strasser und Frank M\u00fcller scheiden auf eigenen Wunsch aus den aktiven Dienst aus und wechseln in die Altersabteilung. Nach den Ehrungen und Bef\u00f6rderungen wurde es sehr still in der Mehrzweckhalle, als Hubert Brock seinen R\u00fccktritt als Ortsbrandmeister verk\u00fcndete. Hubert der 1978 als Quereinsteiger in die Ortsfeuerwehr Lauenstein eintrat, fasste schnell Fu\u00df und im Laufe seiner Dienstzeit \u00fcbernahm er immer mehr an Verantwortung, zu Beginn \u00fcbernahm er die Jugendarbeit. 1989 wurde Hubert zum stellvertretenden Ortsbrandmeister und 2013 schlie\u00dflich zum Ortsbrandmeister gew\u00e4hlt. Von 1999 bis 2012 bekleidete der scheidende Ortsbrandmeister ebenfalls die Funktion des Sicherheitsbeauftragten der Gemeindefeuerwehr. Doch nicht nur auf Orts- und Gemeindeebene war Brock t\u00e4tig. Er war von 1997-2022 auch Chef des 3. Zuges der Kreisfeuerwehrbereitschaft-Ost. Doch nun hat der Oberbrandmeister f\u00fcr sich entschieden, den Staffelstab an die nachfolgende Generation abzugeben. Brandabschnittsleiter-Ost Frank Melde dankte Hubert Brock f\u00fcr die vielen gemeinsamen Stunden die sie bei \u00dcbungen und Eins\u00e4tzen der Kreisfeuerwehrbereitschaft-Ost, gemeinsam erlebt haben. Der anwesende Regierungsbrandmeister Dascho Wehner lie\u00df es sich ebenfalls nicht nehmen an diesem Abend nach Lauenstein zu kommen, um dem Ortsbrandmeister pers\u00f6nlich mit dem \u201eSilbernen Feuerwehrehrenzeichen am Bande\u201c auszuzeichnen. Auch der Gemeindeb\u00fcrgermeister Clemens Pommerening hatte noch eine Ehrung mit im Gep\u00e4ck und verlieh Brock die Auszeichnung zum \u201eEhrenortsbrandmeister\u201c. Ganz nahe an seiner Frau Jutta sitzend, die fest die Hand des Ortsbrandmeisters hielt, wurde Hubert mit einem Video noch einmal durch die Vergangenheit seiner Feuerwehrzeit geschickt. Anschlie\u00dfend bedankte er sich bei seiner Familie, doch besonders bei seiner wundervollen Ehefrau, die ihm immer den R\u00fccken freigehalten hat. Gemeindebrandmeister Rolf Schmidt und der Abschnittsleiter Frank Melde nahmen anschlie\u00dfend die Wahlen des neuen Ortsbrandmeisters und neuen Stellvertreters vor. Hier wurde Jens Brock zum Ortsbrandmeister und J\u00f6rn Cyperski zum stellvertretenden Ortsbrandmeister gew\u00e4hlt. Gegen 23:00 Uhr konnte die Versammlung geschlossen werden und es wurde zum gem\u00fctlichen Teil des Abends \u00fcbergegangen. Bericht von der Gemeindefeuerwehr Salzhemmendorf.<\/p>\n<p><a href=\"https:\/\/gf-salzhemmendorf.de\/de\/startseite\/?tx_news_pi1%5Bnews%5D=145&amp;tx_news_pi1%5Bcontroller%5D=News&amp;tx_news_pi1%5Baction%5D=detail&amp;cHash=e1deebfb519ba27c8d291106d7ddaa3a\">Willkommen bei der Gemeindefeuerwehr Salzhemmendorf | Retten, L\u00f6schen, Bergen, Sch\u00fctzen<\/a><\/p>\n","protected":false},"excerpt":{"rendered":"<p>Eine sehr emotionale Jahreshauptversammlung der Freiwilligen Feuerwehr Lauenstein fand am&nbsp; Samstag, den 24.01.2025, in der Lauensteiner Mehrzweckhalle statt. Nach den Begr\u00fc\u00dfungsworten vom Ortsbrandmeister Hubert Brock, berichtete der stellvertretende Ortsbrandmeister Jens &hellip; <a href=\"https:\/\/www.ffw-lauenstein.de\/?p=5132\" class=\"more-link\"><span class=\"screen-reader-text\">\u201eJahreshauptversammlung Freiwillige Feuerwehr Lauenstein\u201c <\/span>weiterlesen<\/a><\/p>\n","protected":false},"author":4,"featured_media":0,"comment_status":"closed","ping_status":"open","sticky":false,"template":"","format":"standard","meta":{"ngg_post_thumbnail":0,"footnotes":""},"categories":[11],"tags":[],"class_list":["post-5132","post","type-post","status-publish","format-standard","hentry","category-presseberichte-allgmein"],"_links":{"self":[{"href":"https:\/\/www.ffw-lauenstein.de\/index.php?rest_route=\/wp\/v2\/posts\/5132","targetHints":{"allow":["GET"]}}],"collection":[{"href":"https:\/\/www.ffw-lauenstein.de\/index.php?rest_route=\/wp\/v2\/posts"}],"about":[{"href":"https:\/\/www.ffw-lauenstein.de\/index.php?rest_route=\/wp\/v2\/types\/post"}],"author":[{"embeddable":true,"href":"https:\/\/www.ffw-lauenstein.de\/index.php?rest_route=\/wp\/v2\/users\/4"}],"replies":[{"embeddable":true,"href":"https:\/\/www.ffw-lauenstein.de\/index.php?rest_route=%2Fwp%2Fv2%2Fcomments&post=5132"}],"version-history":[{"count":1,"href":"https:\/\/www.ffw-lauenstein.de\/index.php?rest_route=\/wp\/v2\/posts\/5132\/revisions"}],"predecessor-version":[{"id":5133,"href":"https:\/\/www.ffw-lauenstein.de\/index.php?rest_route=\/wp\/v2\/posts\/5132\/revisions\/5133"}],"wp:attachment":[{"href":"https:\/\/www.ffw-lauenstein.de\/index.php?rest_route=%2Fwp%2Fv2%2Fmedia&parent=5132"}],"wp:term":[{"taxonomy":"category","embeddable":true,"href":"https:\/\/www.ffw-lauenstein.de\/index.php?rest_route=%2Fwp%2Fv2%2Fcategories&post=5132"},{"taxonomy":"post_tag","embeddable":true,"href":"https:\/\/www.ffw-lauenstein.de\/index.php?rest_route=%2Fwp%2Fv2%2Ftags&post=5132"}],"curies":[{"name":"wp","href":"https:\/\/api.w.org\/{rel}","templated":true}]}}