{"id":5276,"date":"2025-09-22T21:05:09","date_gmt":"2025-09-22T19:05:09","guid":{"rendered":"https:\/\/www.ffw-lauenstein.de\/?p=5276"},"modified":"2025-09-22T21:05:09","modified_gmt":"2025-09-22T19:05:09","slug":"technische-probleme-in-der-krl-sorgen-fuer-gemeindealarm","status":"publish","type":"post","link":"https:\/\/www.ffw-lauenstein.de\/?p=5276","title":{"rendered":"Technische Probleme in der KRL sorgen f\u00fcr Gemeindealarm"},"content":{"rendered":"<p>Aufgrund technischer Probleme wurde die Ortsfeuerwehr Lauenstein am 18.09.2025 zu einem medizinischen Notfall im Ortsgebiet alarmiert. Ein Rettungswagen konnte nicht alarmiert werden, so dass zun\u00e4chst die Freiwilligen Feuerwehrleute zur Erstversorgung eingesetzt werden sollten. W\u00e4hrend der Anfahrt hat man im Sprechfunkverkehr mitbekommen das noch viele weitere Feuerwehren zu der Einsatzstelle alarmiert wurden. Die Gemeindebrandmeister haben daraufhin alle Feuerwehren am Standort verweilen lassen. Ausschlie\u00dflich die Feuerwehr Lauenstein und der Gemeindebrandmeister eilten zur Einsatzstelle und betreuten die Person, zwischenzeitlich konnte auch ein Rettungswagen zur Einsatzstelle alarmiert werden. Nach dessen Eintreffen wurden die Rettungssanit\u00e4ter in die Lage eingewiesen und k\u00fcmmerten um sich den Patienten. Zwischenzeitlich hat man herausgefunden das f\u00e4lschlicherweise ein Gemeinde Alarm f\u00fcr alle Einsatzkr\u00e4fte ausgel\u00f6st worden ist. Nach dem die Lage im Griff war konnten alle Kr\u00e4fte wieder Ihrer Arbeit und anderen T\u00e4tigkeiten nachgehen.<\/p>\n<p><a href=\"https:\/\/gf-salzhemmendorf.de\/de\/einsaetze\/einsatz-detail\/?tx_operations_list%5Boperation%5D=511&amp;tx_operations_list%5Baction%5D=show&amp;tx_operations_list%5Bcontroller%5D=Operation&amp;cHash=33b8a5735e91def4817396efd4cb3ad7\">Einsatz-Detail | Retten, L\u00f6schen, Bergen, Sch\u00fctzen<\/a><\/p>\n","protected":false},"excerpt":{"rendered":"<p>Aufgrund technischer Probleme wurde die Ortsfeuerwehr Lauenstein am 18.09.2025 zu einem medizinischen Notfall im Ortsgebiet alarmiert. Ein Rettungswagen konnte nicht alarmiert werden, so dass zun\u00e4chst die Freiwilligen Feuerwehrleute zur Erstversorgung &hellip; <a href=\"https:\/\/www.ffw-lauenstein.de\/?p=5276\" class=\"more-link\"><span class=\"screen-reader-text\">\u201eTechnische Probleme in der KRL sorgen f\u00fcr Gemeindealarm\u201c <\/span>weiterlesen<\/a><\/p>\n","protected":false},"author":4,"featured_media":0,"comment_status":"closed","ping_status":"open","sticky":false,"template":"","format":"standard","meta":{"ngg_post_thumbnail":0,"footnotes":""},"categories":[33],"tags":[],"class_list":["post-5276","post","type-post","status-publish","format-standard","hentry","category-einsaetze-2025"],"_links":{"self":[{"href":"https:\/\/www.ffw-lauenstein.de\/index.php?rest_route=\/wp\/v2\/posts\/5276","targetHints":{"allow":["GET"]}}],"collection":[{"href":"https:\/\/www.ffw-lauenstein.de\/index.php?rest_route=\/wp\/v2\/posts"}],"about":[{"href":"https:\/\/www.ffw-lauenstein.de\/index.php?rest_route=\/wp\/v2\/types\/post"}],"author":[{"embeddable":true,"href":"https:\/\/www.ffw-lauenstein.de\/index.php?rest_route=\/wp\/v2\/users\/4"}],"replies":[{"embeddable":true,"href":"https:\/\/www.ffw-lauenstein.de\/index.php?rest_route=%2Fwp%2Fv2%2Fcomments&post=5276"}],"version-history":[{"count":1,"href":"https:\/\/www.ffw-lauenstein.de\/index.php?rest_route=\/wp\/v2\/posts\/5276\/revisions"}],"predecessor-version":[{"id":5277,"href":"https:\/\/www.ffw-lauenstein.de\/index.php?rest_route=\/wp\/v2\/posts\/5276\/revisions\/5277"}],"wp:attachment":[{"href":"https:\/\/www.ffw-lauenstein.de\/index.php?rest_route=%2Fwp%2Fv2%2Fmedia&parent=5276"}],"wp:term":[{"taxonomy":"category","embeddable":true,"href":"https:\/\/www.ffw-lauenstein.de\/index.php?rest_route=%2Fwp%2Fv2%2Fcategories&post=5276"},{"taxonomy":"post_tag","embeddable":true,"href":"https:\/\/www.ffw-lauenstein.de\/index.php?rest_route=%2Fwp%2Fv2%2Ftags&post=5276"}],"curies":[{"name":"wp","href":"https:\/\/api.w.org\/{rel}","templated":true}]}}