{"id":5280,"date":"2025-09-22T21:47:32","date_gmt":"2025-09-22T19:47:32","guid":{"rendered":"https:\/\/www.ffw-lauenstein.de\/?p=5280"},"modified":"2025-09-22T21:47:32","modified_gmt":"2025-09-22T19:47:32","slug":"toller-regionalentscheid-in-einbeck","status":"publish","type":"post","link":"https:\/\/www.ffw-lauenstein.de\/?p=5280","title":{"rendered":"Toller Regionalentscheid in Einbeck"},"content":{"rendered":"<p>Die Ortsfeuerwehr Lauenstein hat am Sonntag den 21.09.2025 beim Regionalentscheid in Einbeck teilgenommen. Zuvor hat sich die Wettbewerbsgruppe beim Kreisleistungsentscheid am 06.09.2025 in Bad M\u00fcnder f\u00fcr die Leistungsvergleiche der Region qualifiziert. 42 Gruppen aus sieben Landkreisen nahmen am Regionalentscheid teil. Als eine von 3 Mannschaften vertraten die Lauensteiner den Landkreis Hameln-Pyrmont. Bei toller Kulisse mitten in der Innenstadt, wurden die vier Module auf den verschiedenen Wettbewerbsbahnen absolviert. Zun\u00e4chst musste ein L\u00f6schangriff nach Feuerwehrdienstvorschrift 3 (FwDV) und FwDV 1 aufgebaut werden. Die Ausgangslage war ein M\u00fclleimerbrand, welcher innerhalb k\u00fcrzester Zeit gel\u00f6scht werden musste. Eine Wasserentnahmestelle wurde hergerichtet und eine C-Leitung zum Brandobjekt verlegt. Zwischendurch wurde ein defekter B-Schlauch simuliert. Dieser musste als Zeittakt schnellstm\u00f6glich gewechselt werden. Im Anschluss ohne gro\u00dfe Pause hat man das Atemschutzmodul durchgef\u00fchrt. Hier sollte nach FwDV 7 das Anlegen der Atemschutzger\u00e4te und der Einsatzkurzpr\u00fcfung getestet werden. Anschlie\u00dfend auf Zeit ein Parcours abgelaufen werden. Nach einer kurzen Verschnaufpause haben die Lauensteiner eine offene Wasserentnahme nach FwDV1 hergerichtet. Auch hier, beim Kuppel Modul, wurde wieder auf Fehler und die Gesamtzeit geachtet. Im letzten Modul, dem Sprechfunkmodul, wurde der Einsatz einer Kreisfeuerwehrbereitschaft simuliert. Der Sprechfunker hatte hier die Aufgaben vom suchen einer Koordinate, dem richtigen Umgang mit dem Handsprechfunkger\u00e4t und funken nach FwDV810. Am Ende konnten sich die Lauensteiner \u00fcber einen guten 30. Platz freuen.<\/p>\n","protected":false},"excerpt":{"rendered":"<p>Die Ortsfeuerwehr Lauenstein hat am Sonntag den 21.09.2025 beim Regionalentscheid in Einbeck teilgenommen. Zuvor hat sich die Wettbewerbsgruppe beim Kreisleistungsentscheid am 06.09.2025 in Bad M\u00fcnder f\u00fcr die Leistungsvergleiche der Region &hellip; <a href=\"https:\/\/www.ffw-lauenstein.de\/?p=5280\" class=\"more-link\"><span class=\"screen-reader-text\">\u201eToller Regionalentscheid in Einbeck\u201c <\/span>weiterlesen<\/a><\/p>\n","protected":false},"author":4,"featured_media":0,"comment_status":"closed","ping_status":"open","sticky":false,"template":"","format":"standard","meta":{"ngg_post_thumbnail":0,"footnotes":""},"categories":[13],"tags":[],"class_list":["post-5280","post","type-post","status-publish","format-standard","hentry","category-sonstiges"],"_links":{"self":[{"href":"https:\/\/www.ffw-lauenstein.de\/index.php?rest_route=\/wp\/v2\/posts\/5280","targetHints":{"allow":["GET"]}}],"collection":[{"href":"https:\/\/www.ffw-lauenstein.de\/index.php?rest_route=\/wp\/v2\/posts"}],"about":[{"href":"https:\/\/www.ffw-lauenstein.de\/index.php?rest_route=\/wp\/v2\/types\/post"}],"author":[{"embeddable":true,"href":"https:\/\/www.ffw-lauenstein.de\/index.php?rest_route=\/wp\/v2\/users\/4"}],"replies":[{"embeddable":true,"href":"https:\/\/www.ffw-lauenstein.de\/index.php?rest_route=%2Fwp%2Fv2%2Fcomments&post=5280"}],"version-history":[{"count":1,"href":"https:\/\/www.ffw-lauenstein.de\/index.php?rest_route=\/wp\/v2\/posts\/5280\/revisions"}],"predecessor-version":[{"id":5281,"href":"https:\/\/www.ffw-lauenstein.de\/index.php?rest_route=\/wp\/v2\/posts\/5280\/revisions\/5281"}],"wp:attachment":[{"href":"https:\/\/www.ffw-lauenstein.de\/index.php?rest_route=%2Fwp%2Fv2%2Fmedia&parent=5280"}],"wp:term":[{"taxonomy":"category","embeddable":true,"href":"https:\/\/www.ffw-lauenstein.de\/index.php?rest_route=%2Fwp%2Fv2%2Fcategories&post=5280"},{"taxonomy":"post_tag","embeddable":true,"href":"https:\/\/www.ffw-lauenstein.de\/index.php?rest_route=%2Fwp%2Fv2%2Ftags&post=5280"}],"curies":[{"name":"wp","href":"https:\/\/api.w.org\/{rel}","templated":true}]}}