{"id":5288,"date":"2025-10-12T14:22:33","date_gmt":"2025-10-12T12:22:33","guid":{"rendered":"https:\/\/www.ffw-lauenstein.de\/?p=5288"},"modified":"2025-10-12T14:22:39","modified_gmt":"2025-10-12T12:22:39","slug":"ecall-loest-feuerwehreinsatz-aus","status":"publish","type":"post","link":"https:\/\/www.ffw-lauenstein.de\/?p=5288","title":{"rendered":"ECall l\u00f6st Feuerwehreinsatz aus"},"content":{"rendered":"<p>Am fr\u00fchen Montagabend, den 29.09.2025, hat das \u201eNotfall SOS\u201c System eines iPhone f\u00fcr ein Gro\u00dfaufgebot an Rettungskr\u00e4ften gesorgt. Kurz nach 18 Uhr wurde der Notruf, welcher in diesem Fall die Landstra\u00dfe 455 zwischen Spiegelberg und der Bundesstra\u00dfe 1 betraf, an die <a href=\"https:\/\/www.facebook.com\/krlweserbergland?__cft__[0]=AZVHMixOGnb1o1mqHoBU7j5Egu9Ay6QvTN3Gbm9I867OBgZuFwpQ8KILqUMQymCvvKJBXXvEt3n5-dj-ULOMKLbr4zLPzABwXaFKsBcwMYpEP3Fc1aX88iESc7Zxq_bmPL-kD8iKZHMkqLDHQFQFBEKYRMvPcISkszfW2Qxr9dt4x1oXheSGmEWI4n4MyUATqcs&amp;__tn__=-]K-R\" target=\"_blank\" rel=\"noopener\">KRL Weserbergland &#8211; Leitstelle Hameln<\/a> gesendet. Da kein Sprechkontakt zwischen der Leitstelle und der vermeidlich verungl\u00fcckten Person hergestellt werden konnte, musste der Leitstellendisponent das schlimmste Szenario in Betracht ziehen und brachte die Rettungskette, unter Annahme eines Verkehrsunfalls mit eingeklemmter Person, in Gang. Feuerwehren aus Lauenstein, Salzhemmendorf und Oldendorf wurden alarmiert, Rettungswagen, Notarzt und Polizei steuerten ebenfalls den Ort an, von dem das iPhone den automatischen Notruf abgesetzt hat. Trotz intensiver Suche konnte weder ein Unfall festgestellt noch das Handy gefunden werden. So wurde der Einsatz nach kurzer Zeit abgebrochen. (Bericht Gemeindefeuerwehr Salzhemmendorf) <a href=\"https:\/\/gf-salzhemmendorf.de\/de\/einsaetze\/einsatz-detail\/?tx_operations_list%5Boperation%5D=518&amp;tx_operations_list%5Baction%5D=show&amp;tx_operations_list%5Bcontroller%5D=Operation&amp;cHash=a01d8ec4b48c014e2c7d6fa72f3853c5\">Einsatz-Detail | Retten, L\u00f6schen, Bergen, Sch\u00fctzen<\/a><\/p>\n","protected":false},"excerpt":{"rendered":"<p>Am fr\u00fchen Montagabend, den 29.09.2025, hat das \u201eNotfall SOS\u201c System eines iPhone f\u00fcr ein Gro\u00dfaufgebot an Rettungskr\u00e4ften gesorgt. Kurz nach 18 Uhr wurde der Notruf, welcher in diesem Fall die &hellip; <a href=\"https:\/\/www.ffw-lauenstein.de\/?p=5288\" class=\"more-link\"><span class=\"screen-reader-text\">\u201eECall l\u00f6st Feuerwehreinsatz aus\u201c <\/span>weiterlesen<\/a><\/p>\n","protected":false},"author":4,"featured_media":0,"comment_status":"closed","ping_status":"open","sticky":false,"template":"","format":"standard","meta":{"ngg_post_thumbnail":0,"footnotes":""},"categories":[33,1],"tags":[],"class_list":["post-5288","post","type-post","status-publish","format-standard","hentry","category-einsaetze-2025","category-veranstaltungen"],"_links":{"self":[{"href":"https:\/\/www.ffw-lauenstein.de\/index.php?rest_route=\/wp\/v2\/posts\/5288","targetHints":{"allow":["GET"]}}],"collection":[{"href":"https:\/\/www.ffw-lauenstein.de\/index.php?rest_route=\/wp\/v2\/posts"}],"about":[{"href":"https:\/\/www.ffw-lauenstein.de\/index.php?rest_route=\/wp\/v2\/types\/post"}],"author":[{"embeddable":true,"href":"https:\/\/www.ffw-lauenstein.de\/index.php?rest_route=\/wp\/v2\/users\/4"}],"replies":[{"embeddable":true,"href":"https:\/\/www.ffw-lauenstein.de\/index.php?rest_route=%2Fwp%2Fv2%2Fcomments&post=5288"}],"version-history":[{"count":1,"href":"https:\/\/www.ffw-lauenstein.de\/index.php?rest_route=\/wp\/v2\/posts\/5288\/revisions"}],"predecessor-version":[{"id":5289,"href":"https:\/\/www.ffw-lauenstein.de\/index.php?rest_route=\/wp\/v2\/posts\/5288\/revisions\/5289"}],"wp:attachment":[{"href":"https:\/\/www.ffw-lauenstein.de\/index.php?rest_route=%2Fwp%2Fv2%2Fmedia&parent=5288"}],"wp:term":[{"taxonomy":"category","embeddable":true,"href":"https:\/\/www.ffw-lauenstein.de\/index.php?rest_route=%2Fwp%2Fv2%2Fcategories&post=5288"},{"taxonomy":"post_tag","embeddable":true,"href":"https:\/\/www.ffw-lauenstein.de\/index.php?rest_route=%2Fwp%2Fv2%2Ftags&post=5288"}],"curies":[{"name":"wp","href":"https:\/\/api.w.org\/{rel}","templated":true}]}}