{"id":732,"date":"2013-01-30T22:34:06","date_gmt":"2013-01-30T20:34:06","guid":{"rendered":"http:\/\/www.ffw-lauenstein.de\/?p=732"},"modified":"2013-01-31T19:29:21","modified_gmt":"2013-01-31T17:29:21","slug":"fehlalarm-brandmeldeanlage-okal","status":"publish","type":"post","link":"https:\/\/www.ffw-lauenstein.de\/?p=732","title":{"rendered":"Fehlalarm Brandmeldeanlage OKAL"},"content":{"rendered":"<p>Am 29.01. wurde die Freiwillige Feuerwehr Lauenstein zu einem Einsatz auf dem OKAL Gel\u00e4nde gerufen. Grund f\u00fcr die Alamierung war das Ausl\u00f6sen eines Rauchmelders. Manche Kameraden waren gerade vom Feuerwehrdiest nach Hause gekommen als die Feuerwehr alamiert wurde. Nach gr\u00fcndlicher Erkundung in der Halle 12 wurde ein Fehlalarm festgestellt. Der zus\u00e4tzlich alamierte Rettungswagen r\u00fcckte nach der Feststellung des Fehlalarms wieder ab. Auch die Feuerwehr Lauenstein verlas die Einsatzstelle nachdem die Brandmeldeanlage wieder in den Normalbetrieb geschaltet worden ist. Im Einsatz waren LF 10\/6 und ein Rettungswagen. Einsatzende war um 22:45.<\/p>\n","protected":false},"excerpt":{"rendered":"<p>Am 29.01. wurde die Freiwillige Feuerwehr Lauenstein zu einem Einsatz auf dem OKAL Gel\u00e4nde gerufen. Grund f\u00fcr die Alamierung war das Ausl\u00f6sen eines Rauchmelders. Manche Kameraden waren gerade vom Feuerwehrdiest &hellip; <a href=\"https:\/\/www.ffw-lauenstein.de\/?p=732\" class=\"more-link\"><span class=\"screen-reader-text\">\u201eFehlalarm Brandmeldeanlage OKAL\u201c <\/span>weiterlesen<\/a><\/p>\n","protected":false},"author":4,"featured_media":0,"comment_status":"closed","ping_status":"open","sticky":false,"template":"","format":"standard","meta":{"ngg_post_thumbnail":0,"footnotes":""},"categories":[1],"tags":[],"class_list":["post-732","post","type-post","status-publish","format-standard","hentry","category-veranstaltungen"],"_links":{"self":[{"href":"https:\/\/www.ffw-lauenstein.de\/index.php?rest_route=\/wp\/v2\/posts\/732","targetHints":{"allow":["GET"]}}],"collection":[{"href":"https:\/\/www.ffw-lauenstein.de\/index.php?rest_route=\/wp\/v2\/posts"}],"about":[{"href":"https:\/\/www.ffw-lauenstein.de\/index.php?rest_route=\/wp\/v2\/types\/post"}],"author":[{"embeddable":true,"href":"https:\/\/www.ffw-lauenstein.de\/index.php?rest_route=\/wp\/v2\/users\/4"}],"replies":[{"embeddable":true,"href":"https:\/\/www.ffw-lauenstein.de\/index.php?rest_route=%2Fwp%2Fv2%2Fcomments&post=732"}],"version-history":[{"count":1,"href":"https:\/\/www.ffw-lauenstein.de\/index.php?rest_route=\/wp\/v2\/posts\/732\/revisions"}],"predecessor-version":[{"id":758,"href":"https:\/\/www.ffw-lauenstein.de\/index.php?rest_route=\/wp\/v2\/posts\/732\/revisions\/758"}],"wp:attachment":[{"href":"https:\/\/www.ffw-lauenstein.de\/index.php?rest_route=%2Fwp%2Fv2%2Fmedia&parent=732"}],"wp:term":[{"taxonomy":"category","embeddable":true,"href":"https:\/\/www.ffw-lauenstein.de\/index.php?rest_route=%2Fwp%2Fv2%2Fcategories&post=732"},{"taxonomy":"post_tag","embeddable":true,"href":"https:\/\/www.ffw-lauenstein.de\/index.php?rest_route=%2Fwp%2Fv2%2Ftags&post=732"}],"curies":[{"name":"wp","href":"https:\/\/api.w.org\/{rel}","templated":true}]}}