{"id":773,"date":"2013-02-03T02:17:00","date_gmt":"2013-02-03T00:17:00","guid":{"rendered":"http:\/\/www.ffw-lauenstein.de\/?p=773"},"modified":"2013-02-04T23:30:45","modified_gmt":"2013-02-04T21:30:45","slug":"fuhrungswechsel-bei-der-ffw-lauenstein","status":"publish","type":"post","link":"https:\/\/www.ffw-lauenstein.de\/?p=773","title":{"rendered":"F\u00fchrungswechsel bei der FFW Lauenstein"},"content":{"rendered":"<div itemscope=\"true\" itemtype=\"https:\/\/schema.org\/Article\">\n<div>\n<div><b>Ein Lauensteiner Urgestein tritt als Ortsbrandmeister ab<\/b><\/div>\n<\/div>\n<div itemprop=\"articleBody\">\n<div itemscope=\"true\" itemtype=\"https:\/\/schema.org\/Article\">\n<div>\n<p><strong>Generationswechsel bei der FFW Lauenstein: Hubert Brock \u00fcbernimmt das Amt des Ortsbrandmeisters\u00a0\/ Matthias Kutz wird sein Stellvertreter<\/strong><\/p>\n<\/div>\n<div>\u00a0<\/div>\n<div>\n<div>\n<div><img loading=\"lazy\" decoding=\"async\" alt=\"\" src=\"https:\/\/www.dewezet.de\/cms_media\/module_bi\/1761\/880759_1_articledetail_270_008_6130398_lkcs101_2401.jpg\" width=\"420\" height=\"280\" \/><\/p>\n<div>Hubert Brock (links) folgt Uwe Fahrenkamp auf dem Ortsbrandmeisterposten von Lauenstein.<\/div>\n<div>\u00a0<\/div>\n<div>\u00a0<a href=\"https:\/\/ffw-lauenstein.de\/wp-content\/uploads\/2013\/02\/JHV-2013_2.jpg\"><img loading=\"lazy\" decoding=\"async\" class=\"aligncenter  wp-image-786\" alt=\"JHV 2013_2\" src=\"https:\/\/ffw-lauenstein.de\/wp-content\/uploads\/2013\/02\/JHV-2013_2.jpg\" width=\"700\" height=\"450\" \/><\/a><\/div>\n<div>\u00a0<\/div>\n<div>\n<p>Viele Lauensteiner wollten es sich nicht entgehen lassen. Der Saal im \u201eLauensteiner Hof war fast bis auf den letzten Platz mit 100 der 431 Feuerwehr-Mitglieder gef\u00fcllt.<\/p>\n<p>Ortsbrandmeister Uwe Fahrenkamp leitete seine letzte Jahreshauptversammlung.<\/p>\n<p>Nach 24 Jahren als Ortsbrandmeister und etlichen Jahren vorher als Jugendwart und stellvertretender Ortsbrandmeister nahm Uwe Fahrenkamp nun aus gesundheitlichen Gr\u00fcnden seinen Hut.<\/p>\n<p>Uwe Fahrenkamp\u00a0hatte 1989 das Amt des Ortsbrandmeisters \u00fcbernommen. Zuvor war bereits sechs Jahre lang als stellvertretener Ortsbrandmeister sowie mehrere Jahr als Jugendwart t\u00e4tig.<\/p>\n<p>\u201e1989 fiel die Mauer und Bayern wurde Meister. Aber das Bedeutendste f\u00fcr Lauenstein war sicherlich die Ernennung von Uwe Fahrenkamp zum Ortsbrandmeister\u201c, sagte Gemeindebrandmeister Walter Wiegmann augenzwinkernd.<\/p>\n<p>Uwe Fahrenkamp konnte sich\u00a0in all den Jahren auch voll auf die Unterst\u00fctzung seiner Frau Martina verlassen. Sie war an seiner Seite seit 1986 Schriftf\u00fchrerin. Beide verabschiedeten sich nun in den verdienten \u201eFeuerwehr-Ruhestand\u201c.<\/p>\n<p>Zu den erschienenen G\u00e4sten z\u00e4hlte neben Kreisbrandmeister Frank W\u00f6bbecke auch der Wehrleiter der Partnerfeuerwehr Schmerzke (Brandenburg), Daniel Krause.<\/p>\n<p>Zum neuen Ortsbrandmeister wurde Hubert Brock gew\u00e4hlt, der ebenfalls seit 1989 stellvertretener Ortsbrandmeister war. In dessen Amt wurde nun Matthias Kutz ernannt.\u00a0\u00a0\u00a0\u00a0<\/p>\n<p>Mit Hubert Brock als seinem Nachfolger auf dem Posten des Ortsbrandmeisters sieht Vorg\u00e4nger<\/p>\n<p>Uwe Fahrenkamp die Ortswehr \u00a0weiter gut aufgestellt.<\/p>\n<p>Zum Schriftf\u00fchrer wurde Mark Wendlandt\u00a0gew\u00e4hlt.\u00a0\u00a0Als Kassenwart und stellv. Kassenwart wurden Gerd Bode und G\u00fcnter Tiedau wiedergew\u00e4hlt.<\/p>\n<p>Der neue Ortsbrandmeister Hubert Brock lie\u00df schlie\u00dflich noch \u00fcber den Antrag abstimmen, Uwe Fahrenkamp den Titel des Ehrenbrandmeisters zu verleihen. Dieser Antrag muss nun noch vom Gemeinderat genehmigt werden.<\/p>\n<p>Im Jahr 2012 war ein verh\u00e4ltnism\u00e4\u00dfig ruhiges Jahr f\u00fcr die Lauensteiner Ortswehr.<\/p>\n<p>Die 46 aktiven Kameraden mussten zu einem Brand, einem Fehlalarm und vier Hilfeleistungen ausr\u00fccken.<\/p>\n<p>F\u00fcr 60-j\u00e4hrige Mitgliedschaft wurde Kurt Flentje geehrt.<\/p>\n<p>Werner Steinbr\u00fcck, einer der dienstflei\u00dfigsten Brandsch\u00fctzer sowie seit vielen Jahren Ger\u00e4tewart in der Lauensteiner Wehr, bekam die nieders\u00e4chsische Feuerwehr-Ehrennadel in Bronze verliehen.<\/p>\n<p>Steven Finke, Florian Risch und Lucas Ulbrich wurden zum Feuerwehrmann und \u00a0J\u00f6rn Cyperski zum L\u00f6schmeister bef\u00f6rdert.<\/p>\n<\/div>\n<\/div>\n<\/div>\n<\/div>\n<\/div>\n<\/div>\n<\/div>\n<p>&nbsp;<\/p>\n<p>(Quelle: auszugsweise Dewezet, 24.01.2013)<\/p>\n","protected":false},"excerpt":{"rendered":"<p>Ein Lauensteiner Urgestein tritt als Ortsbrandmeister ab Generationswechsel bei der FFW Lauenstein: Hubert Brock \u00fcbernimmt das Amt des Ortsbrandmeisters\u00a0\/ Matthias Kutz wird sein Stellvertreter \u00a0 Hubert Brock (links) folgt Uwe &hellip; <a href=\"https:\/\/www.ffw-lauenstein.de\/?p=773\" class=\"more-link\"><span class=\"screen-reader-text\">\u201eF\u00fchrungswechsel bei der FFW Lauenstein\u201c <\/span>weiterlesen<\/a><\/p>\n","protected":false},"author":3,"featured_media":0,"comment_status":"closed","ping_status":"open","sticky":false,"template":"","format":"standard","meta":{"ngg_post_thumbnail":0,"footnotes":""},"categories":[11],"tags":[],"class_list":["post-773","post","type-post","status-publish","format-standard","hentry","category-presseberichte-allgmein"],"_links":{"self":[{"href":"https:\/\/www.ffw-lauenstein.de\/index.php?rest_route=\/wp\/v2\/posts\/773","targetHints":{"allow":["GET"]}}],"collection":[{"href":"https:\/\/www.ffw-lauenstein.de\/index.php?rest_route=\/wp\/v2\/posts"}],"about":[{"href":"https:\/\/www.ffw-lauenstein.de\/index.php?rest_route=\/wp\/v2\/types\/post"}],"author":[{"embeddable":true,"href":"https:\/\/www.ffw-lauenstein.de\/index.php?rest_route=\/wp\/v2\/users\/3"}],"replies":[{"embeddable":true,"href":"https:\/\/www.ffw-lauenstein.de\/index.php?rest_route=%2Fwp%2Fv2%2Fcomments&post=773"}],"version-history":[{"count":9,"href":"https:\/\/www.ffw-lauenstein.de\/index.php?rest_route=\/wp\/v2\/posts\/773\/revisions"}],"predecessor-version":[{"id":785,"href":"https:\/\/www.ffw-lauenstein.de\/index.php?rest_route=\/wp\/v2\/posts\/773\/revisions\/785"}],"wp:attachment":[{"href":"https:\/\/www.ffw-lauenstein.de\/index.php?rest_route=%2Fwp%2Fv2%2Fmedia&parent=773"}],"wp:term":[{"taxonomy":"category","embeddable":true,"href":"https:\/\/www.ffw-lauenstein.de\/index.php?rest_route=%2Fwp%2Fv2%2Fcategories&post=773"},{"taxonomy":"post_tag","embeddable":true,"href":"https:\/\/www.ffw-lauenstein.de\/index.php?rest_route=%2Fwp%2Fv2%2Ftags&post=773"}],"curies":[{"name":"wp","href":"https:\/\/api.w.org\/{rel}","templated":true}]}}