{"id":814,"date":"2013-02-14T23:21:23","date_gmt":"2013-02-14T21:21:23","guid":{"rendered":"http:\/\/www.ffw-lauenstein.de\/?p=814"},"modified":"2013-02-19T00:38:37","modified_gmt":"2013-02-18T22:38:37","slug":"garagenbrand-im-schutzenplatzweg","status":"publish","type":"post","link":"https:\/\/www.ffw-lauenstein.de\/?p=814","title":{"rendered":"Garagenbrand im Sch\u00fctzenplatzweg"},"content":{"rendered":"<p>Am Mittwoch, den 13.Februar 2013 wurden die Kameraden der Feuerwehren Lauenstein und Salzhemmendorf um 19.11 Uhr zum Brand einer Doppel-Garage im Sch\u00fctzenplatzweg in Lauenstein gerufen.<\/p>\n<p>Einige Feuerwehrkameraden nahmen gerade am &#8222;Politischen Aschermittwochstreffen&#8220;\u00a0auf Einladung von\u00a0Gemeinderat und -verwaltung teil. Auf das traditionelle Pellkartoffeln-und-Hering-Essen mussten sie vorerst verzichten.\u00a0<\/p>\n<p>Beim Eintreffen am Einsatzort trat bereits eine gro\u00dfe, dichte Rauchschwade aus dem Inneren der Garage aus. Die Besitzer hatten zuvor ihre beiden Pkw herausgefahren und somit in Sicherheit gebracht.<\/p>\n<p>Die eingesetzten Angriffstrupps gingen mit schwerem Atemschutz\u00a0zum Brandobjekt vor und mussten zun\u00e4chst einen gef\u00fcllten Benzinkanister, der sich durch die Hitze bereits verformt hatte, sowie eine Fl\u00fcssiggasflasche aus dem Gefahrenbereich heraus bringen.<\/p>\n<p>Die vorherrschenden Minustemperaturen sorgten daf\u00fcr, dass das L\u00f6schwasser umgehend gefror und sich der gesamte Einsatzort in eine Eispiste verwandelte. Ein Streufahrzeug der Gemeinde kam hierf\u00fcr wenig sp\u00e4ter zur Hilfe.<\/p>\n<p>Von der FTZ Kirchohsen wurde schlie\u00dflich eine W\u00e4rmebildkamera angefordert, um festzustellen, ob sich in der Decke und in den W\u00e4nden der Garage noch m\u00f6gliche Glutnester befanden, die das Feuer erneut h\u00e4tten entfachen k\u00f6nnen.<\/p>\n<p>Nachdem diese Bef\u00fcrchtung ausgeschlossen werden konnte,\u00a0r\u00fcckten die Einsatzkr\u00e4fte gegen 22 Uhr wieder ab. Die genaue Brandursache war zu diesem Zeitpunkt noch nicht gekl\u00e4rt.<\/p>\n<p>&nbsp;<\/p>\n<p>Weitere Informationen und ein Video zu diesem Einsatz findet Ihr unter <a href=\"https:\/\/www.weserbergland-nachrichten.de\/\">www.weserbergland-nachrichten.de<\/a> bzw. <a href=\"https:\/\/www.youtube.de\/\">www.youtube.de<\/a>\u00a0(&#8222;Doppelgarage brennt in Lauenstein&#8220;).<\/p>\n<div id=\"watch7-headline\">\n<h1 id=\"watch-headline-title\">\u00a0<a href=\"https:\/\/ffw-lauenstein.de\/wp-content\/uploads\/2013\/02\/Einsatz_13.02.2013.jpg\"><img loading=\"lazy\" decoding=\"async\" class=\"aligncenter  wp-image-817\" alt=\"Einsatz_13.02.2013\" src=\"https:\/\/ffw-lauenstein.de\/wp-content\/uploads\/2013\/02\/Einsatz_13.02.2013.jpg\" width=\"605\" height=\"454\" srcset=\"https:\/\/www.ffw-lauenstein.de\/wp-content\/uploads\/2013\/02\/Einsatz_13.02.2013.jpg 864w, https:\/\/www.ffw-lauenstein.de\/wp-content\/uploads\/2013\/02\/Einsatz_13.02.2013-300x225.jpg 300w\" sizes=\"auto, (max-width: 709px) 85vw, (max-width: 909px) 67vw, (max-width: 984px) 61vw, (max-width: 1362px) 45vw, 600px\" \/><\/a> <a href=\"https:\/\/ffw-lauenstein.de\/wp-content\/uploads\/2013\/02\/Einsatz_13.02.2013_2.jpg\"><img loading=\"lazy\" decoding=\"async\" class=\"aligncenter  wp-image-818\" alt=\"Einsatz_13.02.2013_2\" src=\"https:\/\/ffw-lauenstein.de\/wp-content\/uploads\/2013\/02\/Einsatz_13.02.2013_2.jpg\" width=\"605\" height=\"454\" srcset=\"https:\/\/www.ffw-lauenstein.de\/wp-content\/uploads\/2013\/02\/Einsatz_13.02.2013_2.jpg 864w, https:\/\/www.ffw-lauenstein.de\/wp-content\/uploads\/2013\/02\/Einsatz_13.02.2013_2-300x225.jpg 300w\" sizes=\"auto, (max-width: 709px) 85vw, (max-width: 909px) 67vw, (max-width: 984px) 61vw, (max-width: 1362px) 45vw, 600px\" \/><\/a> <a href=\"https:\/\/ffw-lauenstein.de\/wp-content\/uploads\/2013\/02\/Einsatz_13.02.2013_3.jpg\"><img loading=\"lazy\" decoding=\"async\" class=\"aligncenter  wp-image-819\" alt=\"Einsatz_13.02.2013_3\" src=\"https:\/\/ffw-lauenstein.de\/wp-content\/uploads\/2013\/02\/Einsatz_13.02.2013_3.jpg\" width=\"616\" height=\"369\" \/><\/a><\/h1>\n<\/div>\n<p>&nbsp;<\/p>\n","protected":false},"excerpt":{"rendered":"<p>Am Mittwoch, den 13.Februar 2013 wurden die Kameraden der Feuerwehren Lauenstein und Salzhemmendorf um 19.11 Uhr zum Brand einer Doppel-Garage im Sch\u00fctzenplatzweg in Lauenstein gerufen. Einige Feuerwehrkameraden nahmen gerade am &hellip; <a href=\"https:\/\/www.ffw-lauenstein.de\/?p=814\" class=\"more-link\"><span class=\"screen-reader-text\">\u201eGaragenbrand im Sch\u00fctzenplatzweg\u201c <\/span>weiterlesen<\/a><\/p>\n","protected":false},"author":3,"featured_media":0,"comment_status":"closed","ping_status":"open","sticky":false,"template":"","format":"standard","meta":{"ngg_post_thumbnail":0,"footnotes":""},"categories":[1],"tags":[],"class_list":["post-814","post","type-post","status-publish","format-standard","hentry","category-veranstaltungen"],"_links":{"self":[{"href":"https:\/\/www.ffw-lauenstein.de\/index.php?rest_route=\/wp\/v2\/posts\/814","targetHints":{"allow":["GET"]}}],"collection":[{"href":"https:\/\/www.ffw-lauenstein.de\/index.php?rest_route=\/wp\/v2\/posts"}],"about":[{"href":"https:\/\/www.ffw-lauenstein.de\/index.php?rest_route=\/wp\/v2\/types\/post"}],"author":[{"embeddable":true,"href":"https:\/\/www.ffw-lauenstein.de\/index.php?rest_route=\/wp\/v2\/users\/3"}],"replies":[{"embeddable":true,"href":"https:\/\/www.ffw-lauenstein.de\/index.php?rest_route=%2Fwp%2Fv2%2Fcomments&post=814"}],"version-history":[{"count":9,"href":"https:\/\/www.ffw-lauenstein.de\/index.php?rest_route=\/wp\/v2\/posts\/814\/revisions"}],"predecessor-version":[{"id":832,"href":"https:\/\/www.ffw-lauenstein.de\/index.php?rest_route=\/wp\/v2\/posts\/814\/revisions\/832"}],"wp:attachment":[{"href":"https:\/\/www.ffw-lauenstein.de\/index.php?rest_route=%2Fwp%2Fv2%2Fmedia&parent=814"}],"wp:term":[{"taxonomy":"category","embeddable":true,"href":"https:\/\/www.ffw-lauenstein.de\/index.php?rest_route=%2Fwp%2Fv2%2Fcategories&post=814"},{"taxonomy":"post_tag","embeddable":true,"href":"https:\/\/www.ffw-lauenstein.de\/index.php?rest_route=%2Fwp%2Fv2%2Ftags&post=814"}],"curies":[{"name":"wp","href":"https:\/\/api.w.org\/{rel}","templated":true}]}}