{"id":894,"date":"2013-04-23T19:09:11","date_gmt":"2013-04-23T17:09:11","guid":{"rendered":"http:\/\/www.ffw-lauenstein.de\/?p=894"},"modified":"2013-04-23T19:12:47","modified_gmt":"2013-04-23T17:12:47","slug":"aktivenversammlung-am-21-april","status":"publish","type":"post","link":"https:\/\/www.ffw-lauenstein.de\/?p=894","title":{"rendered":"Aktivenversammlung am 21.April"},"content":{"rendered":"<p>Einmal im Jahr treffen sich die Kameradinnen und Kameraden der Einsatzabteilung der FFW Lauenstein zur Aktivenversammlung. Hierbei werden grunds\u00e4tzliche Angelegenheiten\u00a0und die n\u00e4chsten anliegenden Termine besprochen.<\/p>\n<p>Anschlie\u00dfend\u00a0findet dann immer ein gemeinsames Grillen und gem\u00fctliches Beisammensein mit den Familien statt.<\/p>\n<p>Im Anschluss an diesj\u00e4hrige Aktivenversammlunf kamen die Mitglieder des Ortsrates hinzu. Sie nutzten die Gelegenhiet, um unserem Ehrenortsbrandmeister Uwe Fahrenkamp nochmals f\u00fcr seine langj\u00e4hrige T\u00e4tigkeit zu danken.<\/p>\n<p>Ortsb\u00fcrgermeister Wichmann \u00fcberreichte Uwe Fahrenkamp im Namen des Ortsrates ein Pr\u00e4sent und eine Urkunde.<\/p>\n<p>&nbsp;<\/p>\n<p style=\"text-align: center;\"><a href=\"https:\/\/ffw-lauenstein.de\/wp-content\/uploads\/2013\/04\/100_09941.jpg\"><img loading=\"lazy\" decoding=\"async\" class=\"aligncenter size-full wp-image-902\" alt=\"100_0994\" src=\"https:\/\/ffw-lauenstein.de\/wp-content\/uploads\/2013\/04\/100_09941.jpg\" width=\"1000\" height=\"750\" srcset=\"https:\/\/www.ffw-lauenstein.de\/wp-content\/uploads\/2013\/04\/100_09941.jpg 1000w, https:\/\/www.ffw-lauenstein.de\/wp-content\/uploads\/2013\/04\/100_09941-300x225.jpg 300w\" sizes=\"auto, (max-width: 709px) 85vw, (max-width: 909px) 67vw, (max-width: 1362px) 62vw, 840px\" \/><\/a>\u00a0<a href=\"https:\/\/ffw-lauenstein.de\/wp-content\/uploads\/2013\/04\/100_0998.jpg\"><img loading=\"lazy\" decoding=\"async\" class=\"aligncenter  wp-image-896\" alt=\"100_0998\" src=\"https:\/\/ffw-lauenstein.de\/wp-content\/uploads\/2013\/04\/100_0998.jpg\" width=\"900\" height=\"675\" srcset=\"https:\/\/www.ffw-lauenstein.de\/wp-content\/uploads\/2013\/04\/100_0998.jpg 1500w, https:\/\/www.ffw-lauenstein.de\/wp-content\/uploads\/2013\/04\/100_0998-300x225.jpg 300w, https:\/\/www.ffw-lauenstein.de\/wp-content\/uploads\/2013\/04\/100_0998-1024x768.jpg 1024w\" sizes=\"auto, (max-width: 709px) 85vw, (max-width: 909px) 67vw, (max-width: 1362px) 62vw, 840px\" \/><\/a><\/p>\n<p style=\"text-align: center;\"><a href=\"https:\/\/ffw-lauenstein.de\/wp-content\/uploads\/2013\/04\/100_1003.jpg\"><img loading=\"lazy\" decoding=\"async\" class=\"aligncenter  wp-image-898\" alt=\"100_1003\" src=\"https:\/\/ffw-lauenstein.de\/wp-content\/uploads\/2013\/04\/100_1003.jpg\" width=\"1050\" height=\"788\" srcset=\"https:\/\/www.ffw-lauenstein.de\/wp-content\/uploads\/2013\/04\/100_1003.jpg 1500w, https:\/\/www.ffw-lauenstein.de\/wp-content\/uploads\/2013\/04\/100_1003-300x225.jpg 300w, https:\/\/www.ffw-lauenstein.de\/wp-content\/uploads\/2013\/04\/100_1003-1024x768.jpg 1024w\" sizes=\"auto, (max-width: 709px) 85vw, (max-width: 909px) 67vw, (max-width: 1362px) 62vw, 840px\" \/><\/a><\/p>\n","protected":false},"excerpt":{"rendered":"<p>Einmal im Jahr treffen sich die Kameradinnen und Kameraden der Einsatzabteilung der FFW Lauenstein zur Aktivenversammlung. Hierbei werden grunds\u00e4tzliche Angelegenheiten\u00a0und die n\u00e4chsten anliegenden Termine besprochen. Anschlie\u00dfend\u00a0findet dann immer ein gemeinsames &hellip; <a href=\"https:\/\/www.ffw-lauenstein.de\/?p=894\" class=\"more-link\"><span class=\"screen-reader-text\">\u201eAktivenversammlung am 21.April\u201c <\/span>weiterlesen<\/a><\/p>\n","protected":false},"author":3,"featured_media":0,"comment_status":"closed","ping_status":"open","sticky":false,"template":"","format":"standard","meta":{"ngg_post_thumbnail":0,"footnotes":""},"categories":[1],"tags":[],"class_list":["post-894","post","type-post","status-publish","format-standard","hentry","category-veranstaltungen"],"_links":{"self":[{"href":"https:\/\/www.ffw-lauenstein.de\/index.php?rest_route=\/wp\/v2\/posts\/894","targetHints":{"allow":["GET"]}}],"collection":[{"href":"https:\/\/www.ffw-lauenstein.de\/index.php?rest_route=\/wp\/v2\/posts"}],"about":[{"href":"https:\/\/www.ffw-lauenstein.de\/index.php?rest_route=\/wp\/v2\/types\/post"}],"author":[{"embeddable":true,"href":"https:\/\/www.ffw-lauenstein.de\/index.php?rest_route=\/wp\/v2\/users\/3"}],"replies":[{"embeddable":true,"href":"https:\/\/www.ffw-lauenstein.de\/index.php?rest_route=%2Fwp%2Fv2%2Fcomments&post=894"}],"version-history":[{"count":6,"href":"https:\/\/www.ffw-lauenstein.de\/index.php?rest_route=\/wp\/v2\/posts\/894\/revisions"}],"predecessor-version":[{"id":904,"href":"https:\/\/www.ffw-lauenstein.de\/index.php?rest_route=\/wp\/v2\/posts\/894\/revisions\/904"}],"wp:attachment":[{"href":"https:\/\/www.ffw-lauenstein.de\/index.php?rest_route=%2Fwp%2Fv2%2Fmedia&parent=894"}],"wp:term":[{"taxonomy":"category","embeddable":true,"href":"https:\/\/www.ffw-lauenstein.de\/index.php?rest_route=%2Fwp%2Fv2%2Fcategories&post=894"},{"taxonomy":"post_tag","embeddable":true,"href":"https:\/\/www.ffw-lauenstein.de\/index.php?rest_route=%2Fwp%2Fv2%2Ftags&post=894"}],"curies":[{"name":"wp","href":"https:\/\/api.w.org\/{rel}","templated":true}]}}